{"id":10697,"date":"2025-03-11T08:33:35","date_gmt":"2025-03-11T07:33:35","guid":{"rendered":"https:\/\/mgagarquitectos.com\/website\/?p=10697"},"modified":"2025-03-19T09:05:04","modified_gmt":"2025-03-19T08:05:04","slug":"arquitectos-en-ibiza-6","status":"publish","type":"post","link":"https:\/\/mgagarquitectos.com\/website\/arquitectos-en-ibiza-6\/","title":{"rendered":"Arquitectos en Ibiza.  Espacios interiores \u00fanicos."},"content":{"rendered":"\t\t<div data-elementor-type=\"wp-post\" data-elementor-id=\"10697\" class=\"elementor elementor-10697\">\n\t\t\t\t<div class=\"has_eae_slider elementor-element elementor-element-1675423f e-flex e-con-boxed e-con e-parent\" data-id=\"1675423f\" data-element_type=\"container\">\n\t\t\t\t\t<div class=\"e-con-inner\">\n\t\t\t\t<div class=\"elementor-element elementor-element-63f90416 exad-sticky-section-no exad-glass-effect-no elementor-widget elementor-widget-text-editor\" data-id=\"63f90416\" data-element_type=\"widget\" data-widget_type=\"text-editor.default\">\n\t\t\t\t<div class=\"elementor-widget-container\">\n\t\t\t\t\t\t\t\t\t<p>Mgag Arquitectos, dise\u00f1a interiores, manteniendo la privacidad de las habitaciones, y logrando espacios abiertos que facilitan la comunicaci\u00f3n y circulaci\u00f3n.<\/p>\t\t\t\t\t\t\t\t<\/div>\n\t\t\t\t<\/div>\n\t\t\t\t\t<\/div>\n\t\t\t\t<\/div>\n\t\t<div class=\"has_eae_slider elementor-element elementor-element-dbe910d e-flex e-con-boxed e-con e-parent\" data-id=\"dbe910d\" data-element_type=\"container\">\n\t\t\t\t\t<div class=\"e-con-inner\">\n\t\t\t\t<div class=\"elementor-element elementor-element-f3bc8ac exad-sticky-section-no exad-glass-effect-no elementor-widget elementor-widget-image\" data-id=\"f3bc8ac\" data-element_type=\"widget\" data-widget_type=\"image.default\">\n\t\t\t\t<div class=\"elementor-widget-container\">\n\t\t\t\t\t\t\t\t\t\t\t\t\t\t\t<img fetchpriority=\"high\" decoding=\"async\" width=\"900\" height=\"506\" src=\"https:\/\/mgagarquitectos.com\/website\/wp-content\/uploads\/2025\/01\/8-DOMINO-1024x576.jpg\" class=\"attachment-large size-large wp-image-9427\" alt=\"\" srcset=\"https:\/\/mgagarquitectos.com\/website\/wp-content\/uploads\/2025\/01\/8-DOMINO-1024x576.jpg 1024w, https:\/\/mgagarquitectos.com\/website\/wp-content\/uploads\/2025\/01\/8-DOMINO-300x169.jpg 300w, https:\/\/mgagarquitectos.com\/website\/wp-content\/uploads\/2025\/01\/8-DOMINO-768x432.jpg 768w, https:\/\/mgagarquitectos.com\/website\/wp-content\/uploads\/2025\/01\/8-DOMINO-1536x864.jpg 1536w, https:\/\/mgagarquitectos.com\/website\/wp-content\/uploads\/2025\/01\/8-DOMINO.jpg 1920w\" sizes=\"(max-width: 900px) 100vw, 900px\" \/>\t\t\t\t\t\t\t\t\t\t\t\t\t\t\t<\/div>\n\t\t\t\t<\/div>\n\t\t\t\t\t<\/div>\n\t\t\t\t<\/div>\n\t\t\t\t<\/div>\n\t\t","protected":false},"excerpt":{"rendered":"<p>Mgag Arquitectos, dise\u00f1a interiores, manteniendo la privacidad de las habitaciones, y logrando espacios abiertos que facilitan la comunicaci\u00f3n y circulaci\u00f3n.<\/p>\n","protected":false},"author":11,"featured_media":0,"comment_status":"open","ping_status":"open","sticky":false,"template":"","format":"standard","meta":{"inline_featured_image":false,"footnotes":""},"categories":[57],"tags":[75],"class_list":["post-10697","post","type-post","status-publish","format-standard","hentry","category-architectural-design","tag-arquitectura-y-diseno-ibiza"],"_links":{"self":[{"href":"https:\/\/mgagarquitectos.com\/website\/wp-json\/wp\/v2\/posts\/10697","targetHints":{"allow":["GET"]}}],"collection":[{"href":"https:\/\/mgagarquitectos.com\/website\/wp-json\/wp\/v2\/posts"}],"about":[{"href":"https:\/\/mgagarquitectos.com\/website\/wp-json\/wp\/v2\/types\/post"}],"author":[{"embeddable":true,"href":"https:\/\/mgagarquitectos.com\/website\/wp-json\/wp\/v2\/users\/11"}],"replies":[{"embeddable":true,"href":"https:\/\/mgagarquitectos.com\/website\/wp-json\/wp\/v2\/comments?post=10697"}],"version-history":[{"count":9,"href":"https:\/\/mgagarquitectos.com\/website\/wp-json\/wp\/v2\/posts\/10697\/revisions"}],"predecessor-version":[{"id":10747,"href":"https:\/\/mgagarquitectos.com\/website\/wp-json\/wp\/v2\/posts\/10697\/revisions\/10747"}],"wp:attachment":[{"href":"https:\/\/mgagarquitectos.com\/website\/wp-json\/wp\/v2\/media?parent=10697"}],"wp:term":[{"taxonomy":"category","embeddable":true,"href":"https:\/\/mgagarquitectos.com\/website\/wp-json\/wp\/v2\/categories?post=10697"},{"taxonomy":"post_tag","embeddable":true,"href":"https:\/\/mgagarquitectos.com\/website\/wp-json\/wp\/v2\/tags?post=10697"}],"curies":[{"name":"wp","href":"https:\/\/api.w.org\/{rel}","templated":true}]}}