{"id":11440,"date":"2025-04-11T08:24:44","date_gmt":"2025-04-11T06:24:44","guid":{"rendered":"https:\/\/mgagarquitectos.com\/website\/?p=11440"},"modified":"2025-04-11T08:34:29","modified_gmt":"2025-04-11T06:34:29","slug":"arquitectos-en-ibiza-la-ventilacion-natural","status":"publish","type":"post","link":"https:\/\/mgagarquitectos.com\/website\/arquitectos-en-ibiza-la-ventilacion-natural\/","title":{"rendered":"Arquitectos en Ibiza. La ventilaci\u00f3n natural."},"content":{"rendered":"\t\t<div data-elementor-type=\"wp-post\" data-elementor-id=\"11440\" class=\"elementor elementor-11440\">\n\t\t\t\t<div class=\"has_eae_slider elementor-element elementor-element-1675423f e-flex e-con-boxed e-con e-parent\" data-id=\"1675423f\" data-element_type=\"container\">\n\t\t\t\t\t<div class=\"e-con-inner\">\n\t\t\t\t<div class=\"elementor-element elementor-element-63f90416 exad-sticky-section-no exad-glass-effect-no elementor-widget elementor-widget-text-editor\" data-id=\"63f90416\" data-element_type=\"widget\" data-widget_type=\"text-editor.default\">\n\t\t\t\t<div class=\"elementor-widget-container\">\n\t\t\t\t\t\t\t\t\t<p>En los proyectos de Mgag Arquitectos, la ventilaci\u00f3n natural se convierte en una estrategia clave. Como arquitectos en Ibiza, apuestan por una correcta ventilaci\u00f3n natural a trav\u00e9s de aberturas estrat\u00e9gicas en fachada, lo que permite minimizar la demanda energ\u00e9tica y mejorar el confort t\u00e9rmico en verano.<\/p><p>.<\/p>\t\t\t\t\t\t\t\t<\/div>\n\t\t\t\t<\/div>\n\t\t\t\t\t<\/div>\n\t\t\t\t<\/div>\n\t\t<div class=\"has_eae_slider elementor-element elementor-element-dbe910d e-flex e-con-boxed e-con e-parent\" data-id=\"dbe910d\" data-element_type=\"container\">\n\t\t\t\t\t<div class=\"e-con-inner\">\n\t\t\t\t<div class=\"elementor-element elementor-element-f3bc8ac exad-sticky-section-no exad-glass-effect-no elementor-widget elementor-widget-image\" data-id=\"f3bc8ac\" data-element_type=\"widget\" data-widget_type=\"image.default\">\n\t\t\t\t<div class=\"elementor-widget-container\">\n\t\t\t\t\t\t\t\t\t\t\t\t\t\t\t<img fetchpriority=\"high\" decoding=\"async\" width=\"900\" height=\"462\" src=\"https:\/\/mgagarquitectos.com\/website\/wp-content\/uploads\/2025\/01\/WH-09-1024x526.jpg\" class=\"attachment-large size-large wp-image-9115\" alt=\"\" srcset=\"https:\/\/mgagarquitectos.com\/website\/wp-content\/uploads\/2025\/01\/WH-09-1024x526.jpg 1024w, https:\/\/mgagarquitectos.com\/website\/wp-content\/uploads\/2025\/01\/WH-09-300x154.jpg 300w, https:\/\/mgagarquitectos.com\/website\/wp-content\/uploads\/2025\/01\/WH-09-768x395.jpg 768w, https:\/\/mgagarquitectos.com\/website\/wp-content\/uploads\/2025\/01\/WH-09-1536x790.jpg 1536w, https:\/\/mgagarquitectos.com\/website\/wp-content\/uploads\/2025\/01\/WH-09.jpg 1801w\" sizes=\"(max-width: 900px) 100vw, 900px\" \/>\t\t\t\t\t\t\t\t\t\t\t\t\t\t\t<\/div>\n\t\t\t\t<\/div>\n\t\t\t\t\t<\/div>\n\t\t\t\t<\/div>\n\t\t\t\t<\/div>\n\t\t","protected":false},"excerpt":{"rendered":"<p>En los proyectos de Mgag Arquitectos, la ventilaci\u00f3n natural se convierte en una estrategia clave. Como arquitectos en Ibiza, apuestan por una correcta ventilaci\u00f3n natural a trav\u00e9s de aberturas estrat\u00e9gicas en fachada, lo que permite minimizar la demanda energ\u00e9tica y mejorar el confort t\u00e9rmico en verano..<\/p>\n","protected":false},"author":11,"featured_media":0,"comment_status":"open","ping_status":"open","sticky":false,"template":"","format":"standard","meta":{"inline_featured_image":false,"footnotes":""},"categories":[57],"tags":[],"class_list":["post-11440","post","type-post","status-publish","format-standard","hentry","category-architectural-design"],"_links":{"self":[{"href":"https:\/\/mgagarquitectos.com\/website\/wp-json\/wp\/v2\/posts\/11440","targetHints":{"allow":["GET"]}}],"collection":[{"href":"https:\/\/mgagarquitectos.com\/website\/wp-json\/wp\/v2\/posts"}],"about":[{"href":"https:\/\/mgagarquitectos.com\/website\/wp-json\/wp\/v2\/types\/post"}],"author":[{"embeddable":true,"href":"https:\/\/mgagarquitectos.com\/website\/wp-json\/wp\/v2\/users\/11"}],"replies":[{"embeddable":true,"href":"https:\/\/mgagarquitectos.com\/website\/wp-json\/wp\/v2\/comments?post=11440"}],"version-history":[{"count":8,"href":"https:\/\/mgagarquitectos.com\/website\/wp-json\/wp\/v2\/posts\/11440\/revisions"}],"predecessor-version":[{"id":11449,"href":"https:\/\/mgagarquitectos.com\/website\/wp-json\/wp\/v2\/posts\/11440\/revisions\/11449"}],"wp:attachment":[{"href":"https:\/\/mgagarquitectos.com\/website\/wp-json\/wp\/v2\/media?parent=11440"}],"wp:term":[{"taxonomy":"category","embeddable":true,"href":"https:\/\/mgagarquitectos.com\/website\/wp-json\/wp\/v2\/categories?post=11440"},{"taxonomy":"post_tag","embeddable":true,"href":"https:\/\/mgagarquitectos.com\/website\/wp-json\/wp\/v2\/tags?post=11440"}],"curies":[{"name":"wp","href":"https:\/\/api.w.org\/{rel}","templated":true}]}}