{"id":11581,"date":"2025-06-12T10:32:16","date_gmt":"2025-06-12T08:32:16","guid":{"rendered":"https:\/\/mgagarquitectos.com\/website\/?p=11581"},"modified":"2025-06-12T10:57:34","modified_gmt":"2025-06-12T08:57:34","slug":"arquitectos-ibiza-sostenibilidad-y-tecnologia","status":"publish","type":"post","link":"https:\/\/mgagarquitectos.com\/website\/arquitectos-ibiza-sostenibilidad-y-tecnologia\/","title":{"rendered":"Arquitectos Ibiza. Sostenibilidad y tecnolog\u00eda."},"content":{"rendered":"\t\t<div data-elementor-type=\"wp-post\" data-elementor-id=\"11581\" class=\"elementor elementor-11581\">\n\t\t\t\t<div class=\"has_eae_slider elementor-element elementor-element-1675423f e-flex e-con-boxed e-con e-parent\" data-id=\"1675423f\" data-element_type=\"container\">\n\t\t\t\t\t<div class=\"e-con-inner\">\n\t\t\t\t<div class=\"elementor-element elementor-element-63f90416 exad-sticky-section-no exad-glass-effect-no elementor-widget elementor-widget-text-editor\" data-id=\"63f90416\" data-element_type=\"widget\" data-widget_type=\"text-editor.default\">\n\t\t\t\t<div class=\"elementor-widget-container\">\n\t\t\t\t\t\t\t\t\t<p>Como arquitectos en Ibiza, Mgag Arquitectos integran sostenibilidad, tecnolog\u00eda, procesos industrializados y artesan\u00eda local en cada proyecto.<\/p><p>El trabajo se caracteriza por la calidad, el rigor y una actitud constante de exploraci\u00f3n y aprendizaje desde sus inicios<\/p>\t\t\t\t\t\t\t\t<\/div>\n\t\t\t\t<\/div>\n\t\t\t\t\t<\/div>\n\t\t\t\t<\/div>\n\t\t<div class=\"has_eae_slider elementor-element elementor-element-dbe910d e-flex e-con-boxed e-con e-parent\" data-id=\"dbe910d\" data-element_type=\"container\">\n\t\t\t\t\t<div class=\"e-con-inner\">\n\t\t\t\t<div class=\"elementor-element elementor-element-f3bc8ac exad-sticky-section-no exad-glass-effect-no elementor-widget elementor-widget-image\" data-id=\"f3bc8ac\" data-element_type=\"widget\" data-widget_type=\"image.default\">\n\t\t\t\t<div class=\"elementor-widget-container\">\n\t\t\t\t\t\t\t\t\t\t\t\t\t\t\t<img fetchpriority=\"high\" decoding=\"async\" width=\"723\" height=\"1024\" src=\"https:\/\/mgagarquitectos.com\/website\/wp-content\/uploads\/2025\/03\/Es-Llaut-de-sa-Musica-2-de-3-723x1024.jpg\" class=\"attachment-large size-large wp-image-10800\" alt=\"\" srcset=\"https:\/\/mgagarquitectos.com\/website\/wp-content\/uploads\/2025\/03\/Es-Llaut-de-sa-Musica-2-de-3-723x1024.jpg 723w, https:\/\/mgagarquitectos.com\/website\/wp-content\/uploads\/2025\/03\/Es-Llaut-de-sa-Musica-2-de-3-212x300.jpg 212w, https:\/\/mgagarquitectos.com\/website\/wp-content\/uploads\/2025\/03\/Es-Llaut-de-sa-Musica-2-de-3-768x1087.jpg 768w, https:\/\/mgagarquitectos.com\/website\/wp-content\/uploads\/2025\/03\/Es-Llaut-de-sa-Musica-2-de-3-1085x1536.jpg 1085w, https:\/\/mgagarquitectos.com\/website\/wp-content\/uploads\/2025\/03\/Es-Llaut-de-sa-Musica-2-de-3-1446x2048.jpg 1446w, https:\/\/mgagarquitectos.com\/website\/wp-content\/uploads\/2025\/03\/Es-Llaut-de-sa-Musica-2-de-3-scaled.jpg 1808w\" sizes=\"(max-width: 723px) 100vw, 723px\" \/>\t\t\t\t\t\t\t\t\t\t\t\t\t\t\t<\/div>\n\t\t\t\t<\/div>\n\t\t\t\t\t<\/div>\n\t\t\t\t<\/div>\n\t\t\t\t<\/div>\n\t\t","protected":false},"excerpt":{"rendered":"<p>Como arquitectos en Ibiza, Mgag Arquitectos integran sostenibilidad, tecnolog\u00eda, procesos industrializados y artesan\u00eda local en cada proyecto.El trabajo se caracteriza por la calidad, el rigor y una actitud constante de exploraci\u00f3n y aprendizaje desde sus inicios<\/p>\n","protected":false},"author":11,"featured_media":0,"comment_status":"open","ping_status":"open","sticky":false,"template":"","format":"standard","meta":{"inline_featured_image":false,"footnotes":""},"categories":[1,40],"tags":[],"class_list":["post-11581","post","type-post","status-publish","format-standard","hentry","category-arquitectura","category-concursos"],"_links":{"self":[{"href":"https:\/\/mgagarquitectos.com\/website\/wp-json\/wp\/v2\/posts\/11581","targetHints":{"allow":["GET"]}}],"collection":[{"href":"https:\/\/mgagarquitectos.com\/website\/wp-json\/wp\/v2\/posts"}],"about":[{"href":"https:\/\/mgagarquitectos.com\/website\/wp-json\/wp\/v2\/types\/post"}],"author":[{"embeddable":true,"href":"https:\/\/mgagarquitectos.com\/website\/wp-json\/wp\/v2\/users\/11"}],"replies":[{"embeddable":true,"href":"https:\/\/mgagarquitectos.com\/website\/wp-json\/wp\/v2\/comments?post=11581"}],"version-history":[{"count":9,"href":"https:\/\/mgagarquitectos.com\/website\/wp-json\/wp\/v2\/posts\/11581\/revisions"}],"predecessor-version":[{"id":11590,"href":"https:\/\/mgagarquitectos.com\/website\/wp-json\/wp\/v2\/posts\/11581\/revisions\/11590"}],"wp:attachment":[{"href":"https:\/\/mgagarquitectos.com\/website\/wp-json\/wp\/v2\/media?parent=11581"}],"wp:term":[{"taxonomy":"category","embeddable":true,"href":"https:\/\/mgagarquitectos.com\/website\/wp-json\/wp\/v2\/categories?post=11581"},{"taxonomy":"post_tag","embeddable":true,"href":"https:\/\/mgagarquitectos.com\/website\/wp-json\/wp\/v2\/tags?post=11581"}],"curies":[{"name":"wp","href":"https:\/\/api.w.org\/{rel}","templated":true}]}}