{"id":11743,"date":"2025-07-15T09:15:41","date_gmt":"2025-07-15T07:15:41","guid":{"rendered":"https:\/\/mgagarquitectos.com\/website\/?p=11743"},"modified":"2025-07-24T10:32:21","modified_gmt":"2025-07-24T08:32:21","slug":"ibiza-arquitectos-dialogo-de-contrastes","status":"publish","type":"post","link":"https:\/\/mgagarquitectos.com\/website\/ibiza-arquitectos-dialogo-de-contrastes\/","title":{"rendered":"Ibiza Arquitectos.  Di\u00e1logo de contrastes."},"content":{"rendered":"\t\t<div data-elementor-type=\"wp-post\" data-elementor-id=\"11743\" class=\"elementor elementor-11743\">\n\t\t\t\t<div class=\"has_eae_slider elementor-element elementor-element-1675423f e-flex e-con-boxed e-con e-parent\" data-id=\"1675423f\" data-element_type=\"container\">\n\t\t\t\t\t<div class=\"e-con-inner\">\n\t\t\t\t<div class=\"elementor-element elementor-element-63f90416 exad-sticky-section-no exad-glass-effect-no elementor-widget elementor-widget-text-editor\" data-id=\"63f90416\" data-element_type=\"widget\" data-widget_type=\"text-editor.default\">\n\t\t\t\t<div class=\"elementor-widget-container\">\n\t\t\t\t\t\t\t\t\t<p>Un edificio residencial establece un di\u00e1logo de contrastes entre sus dos fachadas: la posterior, m\u00e1s contenida, permite la entrada de luz y ventilaci\u00f3n sin comprometer la privacidad; mientras que la principal se abre por completo al mar Mediterr\u00e1neo, conectando los espacios interiores con el paisaje. Un dise\u00f1o que refleja el enfoque cuidadoso de Mgag Arquitectos, arquitectos en Ibiza.<\/p>\t\t\t\t\t\t\t\t<\/div>\n\t\t\t\t<\/div>\n\t\t\t\t\t<\/div>\n\t\t\t\t<\/div>\n\t\t<div class=\"has_eae_slider elementor-element elementor-element-dbe910d e-flex e-con-boxed e-con e-parent\" data-id=\"dbe910d\" data-element_type=\"container\">\n\t\t\t\t\t<div class=\"e-con-inner\">\n\t\t\t\t<div class=\"elementor-element elementor-element-f3bc8ac exad-sticky-section-no exad-glass-effect-no elementor-widget elementor-widget-image\" data-id=\"f3bc8ac\" data-element_type=\"widget\" data-widget_type=\"image.default\">\n\t\t\t\t<div class=\"elementor-widget-container\">\n\t\t\t\t\t\t\t\t\t\t\t\t\t\t\t<img fetchpriority=\"high\" decoding=\"async\" width=\"900\" height=\"506\" src=\"https:\/\/mgagarquitectos.com\/website\/wp-content\/uploads\/2025\/03\/R_EXT_-1-1024x576.png\" class=\"attachment-large size-large wp-image-10832\" alt=\"\" srcset=\"https:\/\/mgagarquitectos.com\/website\/wp-content\/uploads\/2025\/03\/R_EXT_-1-1024x576.png 1024w, https:\/\/mgagarquitectos.com\/website\/wp-content\/uploads\/2025\/03\/R_EXT_-1-300x169.png 300w, https:\/\/mgagarquitectos.com\/website\/wp-content\/uploads\/2025\/03\/R_EXT_-1-768x432.png 768w, https:\/\/mgagarquitectos.com\/website\/wp-content\/uploads\/2025\/03\/R_EXT_-1-1536x864.png 1536w, https:\/\/mgagarquitectos.com\/website\/wp-content\/uploads\/2025\/03\/R_EXT_-1-2048x1152.png 2048w\" sizes=\"(max-width: 900px) 100vw, 900px\" \/>\t\t\t\t\t\t\t\t\t\t\t\t\t\t\t<\/div>\n\t\t\t\t<\/div>\n\t\t\t\t\t<\/div>\n\t\t\t\t<\/div>\n\t\t\t\t<\/div>\n\t\t","protected":false},"excerpt":{"rendered":"<p>Un edificio residencial establece un di\u00e1logo de contrastes entre sus dos fachadas: la posterior, m\u00e1s contenida, permite la entrada de luz y ventilaci\u00f3n sin comprometer la privacidad; mientras que la principal se abre por completo al mar Mediterr\u00e1neo, conectando los espacios interiores con el paisaje. Un dise\u00f1o que refleja el enfoque cuidadoso de Mgag Arquitectos, [&hellip;]<\/p>\n","protected":false},"author":11,"featured_media":0,"comment_status":"open","ping_status":"open","sticky":false,"template":"","format":"standard","meta":{"inline_featured_image":false,"footnotes":""},"categories":[39],"tags":[],"class_list":["post-11743","post","type-post","status-publish","format-standard","hentry","category-bioclimatica"],"_links":{"self":[{"href":"https:\/\/mgagarquitectos.com\/website\/wp-json\/wp\/v2\/posts\/11743","targetHints":{"allow":["GET"]}}],"collection":[{"href":"https:\/\/mgagarquitectos.com\/website\/wp-json\/wp\/v2\/posts"}],"about":[{"href":"https:\/\/mgagarquitectos.com\/website\/wp-json\/wp\/v2\/types\/post"}],"author":[{"embeddable":true,"href":"https:\/\/mgagarquitectos.com\/website\/wp-json\/wp\/v2\/users\/11"}],"replies":[{"embeddable":true,"href":"https:\/\/mgagarquitectos.com\/website\/wp-json\/wp\/v2\/comments?post=11743"}],"version-history":[{"count":9,"href":"https:\/\/mgagarquitectos.com\/website\/wp-json\/wp\/v2\/posts\/11743\/revisions"}],"predecessor-version":[{"id":11856,"href":"https:\/\/mgagarquitectos.com\/website\/wp-json\/wp\/v2\/posts\/11743\/revisions\/11856"}],"wp:attachment":[{"href":"https:\/\/mgagarquitectos.com\/website\/wp-json\/wp\/v2\/media?parent=11743"}],"wp:term":[{"taxonomy":"category","embeddable":true,"href":"https:\/\/mgagarquitectos.com\/website\/wp-json\/wp\/v2\/categories?post=11743"},{"taxonomy":"post_tag","embeddable":true,"href":"https:\/\/mgagarquitectos.com\/website\/wp-json\/wp\/v2\/tags?post=11743"}],"curies":[{"name":"wp","href":"https:\/\/api.w.org\/{rel}","templated":true}]}}