{"id":11836,"date":"2025-07-18T11:12:05","date_gmt":"2025-07-18T09:12:05","guid":{"rendered":"https:\/\/mgagarquitectos.com\/website\/?p=11836"},"modified":"2025-07-22T08:31:14","modified_gmt":"2025-07-22T06:31:14","slug":"ibiza-arquitectos-volumenes-rotundos","status":"publish","type":"post","link":"https:\/\/mgagarquitectos.com\/website\/ibiza-arquitectos-volumenes-rotundos\/","title":{"rendered":"Ibiza Arquitectos. Vol\u00famenes rotundos."},"content":{"rendered":"\t\t<div data-elementor-type=\"wp-post\" data-elementor-id=\"11836\" class=\"elementor elementor-11836\">\n\t\t\t\t<div class=\"has_eae_slider elementor-element elementor-element-1675423f e-flex e-con-boxed e-con e-parent\" data-id=\"1675423f\" data-element_type=\"container\">\n\t\t\t\t\t<div class=\"e-con-inner\">\n\t\t\t\t<div class=\"elementor-element elementor-element-63f90416 exad-sticky-section-no exad-glass-effect-no elementor-widget elementor-widget-text-editor\" data-id=\"63f90416\" data-element_type=\"widget\" data-widget_type=\"text-editor.default\">\n\t\t\t\t<div class=\"elementor-widget-container\">\n\t\t\t\t\t\t\t\t\t<p>La vivienda combina vol\u00famenes rotundos con una elegancia serena. Su blancura realza la geometr\u00eda a la luz, creando un sutil equilibrio entre contraste y armon\u00eda. Una obra que afirma su presencia con modernidad, sobriedad y car\u00e1cter, firmada por Mgag Arquitectos, arquitectos en Ibiza.<\/p>\t\t\t\t\t\t\t\t<\/div>\n\t\t\t\t<\/div>\n\t\t\t\t\t<\/div>\n\t\t\t\t<\/div>\n\t\t<div class=\"has_eae_slider elementor-element elementor-element-dbe910d e-flex e-con-boxed e-con e-parent\" data-id=\"dbe910d\" data-element_type=\"container\">\n\t\t\t\t\t<div class=\"e-con-inner\">\n\t\t\t\t<div class=\"elementor-element elementor-element-f3bc8ac exad-sticky-section-no exad-glass-effect-no elementor-widget elementor-widget-image\" data-id=\"f3bc8ac\" data-element_type=\"widget\" data-widget_type=\"image.default\">\n\t\t\t\t<div class=\"elementor-widget-container\">\n\t\t\t\t\t\t\t\t\t\t\t\t\t\t\t<img fetchpriority=\"high\" decoding=\"async\" width=\"900\" height=\"600\" src=\"https:\/\/mgagarquitectos.com\/website\/wp-content\/uploads\/2025\/01\/04-3-1024x683.jpg\" class=\"attachment-large size-large wp-image-9192\" alt=\"\" srcset=\"https:\/\/mgagarquitectos.com\/website\/wp-content\/uploads\/2025\/01\/04-3-1024x683.jpg 1024w, https:\/\/mgagarquitectos.com\/website\/wp-content\/uploads\/2025\/01\/04-3-300x200.jpg 300w, https:\/\/mgagarquitectos.com\/website\/wp-content\/uploads\/2025\/01\/04-3-768x512.jpg 768w, https:\/\/mgagarquitectos.com\/website\/wp-content\/uploads\/2025\/01\/04-3-1536x1024.jpg 1536w, https:\/\/mgagarquitectos.com\/website\/wp-content\/uploads\/2025\/01\/04-3-2048x1365.jpg 2048w\" sizes=\"(max-width: 900px) 100vw, 900px\" \/>\t\t\t\t\t\t\t\t\t\t\t\t\t\t\t<\/div>\n\t\t\t\t<\/div>\n\t\t\t\t\t<\/div>\n\t\t\t\t<\/div>\n\t\t\t\t<\/div>\n\t\t","protected":false},"excerpt":{"rendered":"<p>La vivienda combina vol\u00famenes rotundos con una elegancia serena. Su blancura realza la geometr\u00eda a la luz, creando un sutil equilibrio entre contraste y armon\u00eda. Una obra que afirma su presencia con modernidad, sobriedad y car\u00e1cter, firmada por Mgag Arquitectos, arquitectos en Ibiza.<\/p>\n","protected":false},"author":11,"featured_media":0,"comment_status":"open","ping_status":"open","sticky":false,"template":"","format":"standard","meta":{"inline_featured_image":false,"footnotes":""},"categories":[36],"tags":[],"class_list":["post-11836","post","type-post","status-publish","format-standard","hentry","category-materiales"],"_links":{"self":[{"href":"https:\/\/mgagarquitectos.com\/website\/wp-json\/wp\/v2\/posts\/11836","targetHints":{"allow":["GET"]}}],"collection":[{"href":"https:\/\/mgagarquitectos.com\/website\/wp-json\/wp\/v2\/posts"}],"about":[{"href":"https:\/\/mgagarquitectos.com\/website\/wp-json\/wp\/v2\/types\/post"}],"author":[{"embeddable":true,"href":"https:\/\/mgagarquitectos.com\/website\/wp-json\/wp\/v2\/users\/11"}],"replies":[{"embeddable":true,"href":"https:\/\/mgagarquitectos.com\/website\/wp-json\/wp\/v2\/comments?post=11836"}],"version-history":[{"count":9,"href":"https:\/\/mgagarquitectos.com\/website\/wp-json\/wp\/v2\/posts\/11836\/revisions"}],"predecessor-version":[{"id":11846,"href":"https:\/\/mgagarquitectos.com\/website\/wp-json\/wp\/v2\/posts\/11836\/revisions\/11846"}],"wp:attachment":[{"href":"https:\/\/mgagarquitectos.com\/website\/wp-json\/wp\/v2\/media?parent=11836"}],"wp:term":[{"taxonomy":"category","embeddable":true,"href":"https:\/\/mgagarquitectos.com\/website\/wp-json\/wp\/v2\/categories?post=11836"},{"taxonomy":"post_tag","embeddable":true,"href":"https:\/\/mgagarquitectos.com\/website\/wp-json\/wp\/v2\/tags?post=11836"}],"curies":[{"name":"wp","href":"https:\/\/api.w.org\/{rel}","templated":true}]}}