{"id":12078,"date":"2025-08-21T10:58:16","date_gmt":"2025-08-21T08:58:16","guid":{"rendered":"https:\/\/mgagarquitectos.com\/website\/?p=12078"},"modified":"2025-08-21T11:02:12","modified_gmt":"2025-08-21T09:02:12","slug":"ibiza-arquitectos-y-el-uso-de-patios-ocultos","status":"publish","type":"post","link":"https:\/\/mgagarquitectos.com\/website\/ibiza-arquitectos-y-el-uso-de-patios-ocultos\/","title":{"rendered":"Ibiza arquitectos y el uso de patios ocultos."},"content":{"rendered":"\t\t<div data-elementor-type=\"wp-post\" data-elementor-id=\"12078\" class=\"elementor elementor-12078\">\n\t\t\t\t<div class=\"has_eae_slider elementor-element elementor-element-1675423f e-flex e-con-boxed e-con e-parent\" data-id=\"1675423f\" data-element_type=\"container\">\n\t\t\t\t\t<div class=\"e-con-inner\">\n\t\t\t\t<div class=\"elementor-element elementor-element-63f90416 exad-sticky-section-no exad-glass-effect-no elementor-widget elementor-widget-text-editor\" data-id=\"63f90416\" data-element_type=\"widget\" data-widget_type=\"text-editor.default\">\n\t\t\t\t<div class=\"elementor-widget-container\">\n\t\t\t\t\t\t\t\t\t<p>El patio interior es un espacio \u00edntimo en muchas casas ibicencas. <strong data-start=\"1395\" data-end=\"1456\"><a class=\"decorated-link\" href=\"https:\/\/mgagarquitectos.com\/website\/\" target=\"_new\" rel=\"noopener\" data-start=\"1397\" data-end=\"1454\">Ibiza arquitectos<\/a><\/strong> lo reinterpreta como un lugar de descanso y ventilaci\u00f3n natural, clave en la <strong data-start=\"1534\" data-end=\"1604\"><a class=\"decorated-link cursor-pointer\" target=\"_new\" rel=\"noopener\" data-start=\"1536\" data-end=\"1602\">arquitectura Ibiza<\/a><\/strong> contempor\u00e1nea.<\/p>\t\t\t\t\t\t\t\t<\/div>\n\t\t\t\t<\/div>\n\t\t\t\t\t<\/div>\n\t\t\t\t<\/div>\n\t\t<div class=\"has_eae_slider elementor-element elementor-element-dbe910d e-flex e-con-boxed e-con e-parent\" data-id=\"dbe910d\" data-element_type=\"container\">\n\t\t\t\t\t<div class=\"e-con-inner\">\n\t\t\t\t<div class=\"elementor-element elementor-element-f3bc8ac exad-sticky-section-no exad-glass-effect-no elementor-widget elementor-widget-image\" data-id=\"f3bc8ac\" data-element_type=\"widget\" data-widget_type=\"image.default\">\n\t\t\t\t<div class=\"elementor-widget-container\">\n\t\t\t\t\t\t\t\t\t\t\t\t\t\t\t<img fetchpriority=\"high\" decoding=\"async\" width=\"772\" height=\"1024\" src=\"https:\/\/mgagarquitectos.com\/website\/wp-content\/uploads\/2025\/01\/9-772x1024.jpg\" class=\"attachment-large size-large wp-image-8592\" alt=\"\" srcset=\"https:\/\/mgagarquitectos.com\/website\/wp-content\/uploads\/2025\/01\/9-772x1024.jpg 772w, https:\/\/mgagarquitectos.com\/website\/wp-content\/uploads\/2025\/01\/9-226x300.jpg 226w, https:\/\/mgagarquitectos.com\/website\/wp-content\/uploads\/2025\/01\/9-768x1019.jpg 768w, https:\/\/mgagarquitectos.com\/website\/wp-content\/uploads\/2025\/01\/9-1157x1536.jpg 1157w, https:\/\/mgagarquitectos.com\/website\/wp-content\/uploads\/2025\/01\/9-1543x2048.jpg 1543w, https:\/\/mgagarquitectos.com\/website\/wp-content\/uploads\/2025\/01\/9-scaled.jpg 1929w\" sizes=\"(max-width: 772px) 100vw, 772px\" \/>\t\t\t\t\t\t\t\t\t\t\t\t\t\t\t<\/div>\n\t\t\t\t<\/div>\n\t\t\t\t\t<\/div>\n\t\t\t\t<\/div>\n\t\t\t\t<\/div>\n\t\t","protected":false},"excerpt":{"rendered":"<p>El patio interior es un espacio \u00edntimo en muchas casas ibicencas. Ibiza arquitectos lo reinterpreta como un lugar de descanso y ventilaci\u00f3n natural, clave en la arquitectura Ibiza contempor\u00e1nea.<\/p>\n","protected":false},"author":11,"featured_media":0,"comment_status":"open","ping_status":"open","sticky":false,"template":"","format":"standard","meta":{"inline_featured_image":false,"footnotes":""},"categories":[36],"tags":[],"class_list":["post-12078","post","type-post","status-publish","format-standard","hentry","category-materiales"],"_links":{"self":[{"href":"https:\/\/mgagarquitectos.com\/website\/wp-json\/wp\/v2\/posts\/12078","targetHints":{"allow":["GET"]}}],"collection":[{"href":"https:\/\/mgagarquitectos.com\/website\/wp-json\/wp\/v2\/posts"}],"about":[{"href":"https:\/\/mgagarquitectos.com\/website\/wp-json\/wp\/v2\/types\/post"}],"author":[{"embeddable":true,"href":"https:\/\/mgagarquitectos.com\/website\/wp-json\/wp\/v2\/users\/11"}],"replies":[{"embeddable":true,"href":"https:\/\/mgagarquitectos.com\/website\/wp-json\/wp\/v2\/comments?post=12078"}],"version-history":[{"count":8,"href":"https:\/\/mgagarquitectos.com\/website\/wp-json\/wp\/v2\/posts\/12078\/revisions"}],"predecessor-version":[{"id":12086,"href":"https:\/\/mgagarquitectos.com\/website\/wp-json\/wp\/v2\/posts\/12078\/revisions\/12086"}],"wp:attachment":[{"href":"https:\/\/mgagarquitectos.com\/website\/wp-json\/wp\/v2\/media?parent=12078"}],"wp:term":[{"taxonomy":"category","embeddable":true,"href":"https:\/\/mgagarquitectos.com\/website\/wp-json\/wp\/v2\/categories?post=12078"},{"taxonomy":"post_tag","embeddable":true,"href":"https:\/\/mgagarquitectos.com\/website\/wp-json\/wp\/v2\/tags?post=12078"}],"curies":[{"name":"wp","href":"https:\/\/api.w.org\/{rel}","templated":true}]}}