{"id":12155,"date":"2025-09-05T09:38:25","date_gmt":"2025-09-05T07:38:25","guid":{"rendered":"https:\/\/mgagarquitectos.com\/website\/?p=12155"},"modified":"2025-09-05T09:42:16","modified_gmt":"2025-09-05T07:42:16","slug":"ibiza-arquitectos-y-proyectos-junto-a-huertos-tradicionales","status":"publish","type":"post","link":"https:\/\/mgagarquitectos.com\/website\/ibiza-arquitectos-y-proyectos-junto-a-huertos-tradicionales\/","title":{"rendered":"Ibiza arquitectos y proyectos junto a huertos tradicionales"},"content":{"rendered":"\t\t<div data-elementor-type=\"wp-post\" data-elementor-id=\"12155\" class=\"elementor elementor-12155\">\n\t\t\t\t<div class=\"has_eae_slider elementor-element elementor-element-1675423f e-flex e-con-boxed e-con e-parent\" data-id=\"1675423f\" data-element_type=\"container\">\n\t\t\t\t\t<div class=\"e-con-inner\">\n\t\t\t\t<div class=\"elementor-element elementor-element-63f90416 exad-sticky-section-no exad-glass-effect-no elementor-widget elementor-widget-text-editor\" data-id=\"63f90416\" data-element_type=\"widget\" data-widget_type=\"text-editor.default\">\n\t\t\t\t<div class=\"elementor-widget-container\">\n\t\t\t\t\t\t\t\t\t<p data-start=\"3019\" data-end=\"3333\">La vida rural sigue marcando la identidad de la isla. <a class=\"decorated-link\" href=\"https:\/\/mgagarquitectos.com\/website\/?utm_source=chatgpt.com\" target=\"_new\" rel=\"noopener\" data-start=\"3073\" data-end=\"3129\">Mgag arquitectos<\/a> dise\u00f1a casas vinculadas a huertos y terrenos agr\u00edcolas, uniendo modernidad y la tradici\u00f3n de la Ibiza arquitectura. M\u00e1s detalles en nuestros <a class=\"decorated-link\" href=\"https:\/\/mgagarquitectos.com\/website\/proyectos\/?utm_source=chatgpt.com\" target=\"_new\" rel=\"noopener\" data-start=\"3271\" data-end=\"3330\">proyectos<\/a>.<\/p>\t\t\t\t\t\t\t\t<\/div>\n\t\t\t\t<\/div>\n\t\t\t\t\t<\/div>\n\t\t\t\t<\/div>\n\t\t<div class=\"has_eae_slider elementor-element elementor-element-dbe910d e-flex e-con-boxed e-con e-parent\" data-id=\"dbe910d\" data-element_type=\"container\">\n\t\t\t\t\t<div class=\"e-con-inner\">\n\t\t\t\t<div class=\"elementor-element elementor-element-f3bc8ac exad-sticky-section-no exad-glass-effect-no elementor-widget elementor-widget-image\" data-id=\"f3bc8ac\" data-element_type=\"widget\" data-widget_type=\"image.default\">\n\t\t\t\t<div class=\"elementor-widget-container\">\n\t\t\t\t\t\t\t\t\t\t\t\t\t\t\t<img fetchpriority=\"high\" decoding=\"async\" width=\"768\" height=\"1024\" src=\"https:\/\/mgagarquitectos.com\/website\/wp-content\/uploads\/2025\/01\/4-4-768x1024.jpg\" class=\"attachment-large size-large wp-image-8909\" alt=\"\" srcset=\"https:\/\/mgagarquitectos.com\/website\/wp-content\/uploads\/2025\/01\/4-4-768x1024.jpg 768w, https:\/\/mgagarquitectos.com\/website\/wp-content\/uploads\/2025\/01\/4-4-225x300.jpg 225w, https:\/\/mgagarquitectos.com\/website\/wp-content\/uploads\/2025\/01\/4-4-1152x1536.jpg 1152w, https:\/\/mgagarquitectos.com\/website\/wp-content\/uploads\/2025\/01\/4-4-1536x2048.jpg 1536w, https:\/\/mgagarquitectos.com\/website\/wp-content\/uploads\/2025\/01\/4-4-scaled.jpg 1920w\" sizes=\"(max-width: 768px) 100vw, 768px\" \/>\t\t\t\t\t\t\t\t\t\t\t\t\t\t\t<\/div>\n\t\t\t\t<\/div>\n\t\t\t\t\t<\/div>\n\t\t\t\t<\/div>\n\t\t<div class=\"has_eae_slider elementor-element elementor-element-dfacde0 e-flex e-con-boxed e-con e-parent\" data-id=\"dfacde0\" data-element_type=\"container\">\n\t\t\t\t\t<div class=\"e-con-inner\">\n\t\t\t\t<div class=\"elementor-element elementor-element-9f08bb3 exad-sticky-section-no exad-glass-effect-no elementor-widget elementor-widget-spacer\" data-id=\"9f08bb3\" data-element_type=\"widget\" data-widget_type=\"spacer.default\">\n\t\t\t\t<div class=\"elementor-widget-container\">\n\t\t\t\t\t\t\t<div class=\"elementor-spacer\">\n\t\t\t<div class=\"elementor-spacer-inner\"><\/div>\n\t\t<\/div>\n\t\t\t\t\t\t<\/div>\n\t\t\t\t<\/div>\n\t\t\t\t\t<\/div>\n\t\t\t\t<\/div>\n\t\t\t\t<\/div>\n\t\t","protected":false},"excerpt":{"rendered":"<p>La vida rural sigue marcando la identidad de la isla. Mgag arquitectos dise\u00f1a casas vinculadas a huertos y terrenos agr\u00edcolas, uniendo modernidad y la tradici\u00f3n de la Ibiza arquitectura. M\u00e1s detalles en nuestros proyectos.<\/p>\n","protected":false},"author":11,"featured_media":0,"comment_status":"open","ping_status":"open","sticky":false,"template":"","format":"standard","meta":{"inline_featured_image":false,"footnotes":""},"categories":[1],"tags":[],"class_list":["post-12155","post","type-post","status-publish","format-standard","hentry","category-arquitectura"],"_links":{"self":[{"href":"https:\/\/mgagarquitectos.com\/website\/wp-json\/wp\/v2\/posts\/12155","targetHints":{"allow":["GET"]}}],"collection":[{"href":"https:\/\/mgagarquitectos.com\/website\/wp-json\/wp\/v2\/posts"}],"about":[{"href":"https:\/\/mgagarquitectos.com\/website\/wp-json\/wp\/v2\/types\/post"}],"author":[{"embeddable":true,"href":"https:\/\/mgagarquitectos.com\/website\/wp-json\/wp\/v2\/users\/11"}],"replies":[{"embeddable":true,"href":"https:\/\/mgagarquitectos.com\/website\/wp-json\/wp\/v2\/comments?post=12155"}],"version-history":[{"count":8,"href":"https:\/\/mgagarquitectos.com\/website\/wp-json\/wp\/v2\/posts\/12155\/revisions"}],"predecessor-version":[{"id":12163,"href":"https:\/\/mgagarquitectos.com\/website\/wp-json\/wp\/v2\/posts\/12155\/revisions\/12163"}],"wp:attachment":[{"href":"https:\/\/mgagarquitectos.com\/website\/wp-json\/wp\/v2\/media?parent=12155"}],"wp:term":[{"taxonomy":"category","embeddable":true,"href":"https:\/\/mgagarquitectos.com\/website\/wp-json\/wp\/v2\/categories?post=12155"},{"taxonomy":"post_tag","embeddable":true,"href":"https:\/\/mgagarquitectos.com\/website\/wp-json\/wp\/v2\/tags?post=12155"}],"curies":[{"name":"wp","href":"https:\/\/api.w.org\/{rel}","templated":true}]}}