{"id":12219,"date":"2025-09-10T11:04:32","date_gmt":"2025-09-10T09:04:32","guid":{"rendered":"https:\/\/mgagarquitectos.com\/website\/?p=12219"},"modified":"2025-09-10T11:10:44","modified_gmt":"2025-09-10T09:10:44","slug":"ibiza-arquitectos-y-concursos-de-vivienda-sostenible","status":"publish","type":"post","link":"https:\/\/mgagarquitectos.com\/website\/ibiza-arquitectos-y-concursos-de-vivienda-sostenible\/","title":{"rendered":"Ibiza arquitectos y concursos de vivienda sostenible"},"content":{"rendered":"\t\t<div data-elementor-type=\"wp-post\" data-elementor-id=\"12219\" class=\"elementor elementor-12219\">\n\t\t\t\t<div class=\"has_eae_slider elementor-element elementor-element-1675423f e-flex e-con-boxed e-con e-parent\" data-id=\"1675423f\" data-element_type=\"container\">\n\t\t\t\t\t<div class=\"e-con-inner\">\n\t\t\t\t<div class=\"elementor-element elementor-element-63f90416 exad-sticky-section-no exad-glass-effect-no elementor-widget elementor-widget-text-editor\" data-id=\"63f90416\" data-element_type=\"widget\" data-widget_type=\"text-editor.default\">\n\t\t\t\t<div class=\"elementor-widget-container\">\n\t\t\t\t\t\t\t\t\t<p>Los Ibiza arquitectos destacan en concursos centrados en la sostenibilidad, integrando eficiencia energ\u00e9tica y materiales locales. <a class=\"decorated-link\" href=\"https:\/\/mgagarquitectos.com\/website\/\" target=\"_new\" rel=\"noopener\" data-start=\"1681\" data-end=\"1737\">Mgag arquitectos<\/a> aplica estas soluciones en sus dise\u00f1os. La aplicaci\u00f3n pr\u00e1ctica puede consultarse en la secci\u00f3n de <a class=\"decorated-link\" href=\"https:\/\/mgagarquitectos.com\/website\/proyectos\/\" target=\"_new\" rel=\"noopener\" data-start=\"1836\" data-end=\"1895\">proyectos<\/a>.<\/p>\t\t\t\t\t\t\t\t<\/div>\n\t\t\t\t<\/div>\n\t\t\t\t\t<\/div>\n\t\t\t\t<\/div>\n\t\t<div class=\"has_eae_slider elementor-element elementor-element-dbe910d e-flex e-con-boxed e-con e-parent\" data-id=\"dbe910d\" data-element_type=\"container\">\n\t\t\t\t\t<div class=\"e-con-inner\">\n\t\t\t\t<div class=\"elementor-element elementor-element-f3bc8ac exad-sticky-section-no exad-glass-effect-no elementor-widget elementor-widget-image\" data-id=\"f3bc8ac\" data-element_type=\"widget\" data-widget_type=\"image.default\">\n\t\t\t\t<div class=\"elementor-widget-container\">\n\t\t\t\t\t\t\t\t\t\t\t\t\t\t\t<img fetchpriority=\"high\" decoding=\"async\" width=\"669\" height=\"1024\" src=\"https:\/\/mgagarquitectos.com\/website\/wp-content\/uploads\/2025\/01\/CONCURSO-VIVIENDA-EXPERIMENTAL-LAS-BARDENAS-NAVARRA-2-669x1024.jpeg\" class=\"attachment-large size-large wp-image-9092\" alt=\"\" srcset=\"https:\/\/mgagarquitectos.com\/website\/wp-content\/uploads\/2025\/01\/CONCURSO-VIVIENDA-EXPERIMENTAL-LAS-BARDENAS-NAVARRA-2-669x1024.jpeg 669w, https:\/\/mgagarquitectos.com\/website\/wp-content\/uploads\/2025\/01\/CONCURSO-VIVIENDA-EXPERIMENTAL-LAS-BARDENAS-NAVARRA-2-196x300.jpeg 196w, https:\/\/mgagarquitectos.com\/website\/wp-content\/uploads\/2025\/01\/CONCURSO-VIVIENDA-EXPERIMENTAL-LAS-BARDENAS-NAVARRA-2-768x1176.jpeg 768w, https:\/\/mgagarquitectos.com\/website\/wp-content\/uploads\/2025\/01\/CONCURSO-VIVIENDA-EXPERIMENTAL-LAS-BARDENAS-NAVARRA-2-1003x1536.jpeg 1003w, https:\/\/mgagarquitectos.com\/website\/wp-content\/uploads\/2025\/01\/CONCURSO-VIVIENDA-EXPERIMENTAL-LAS-BARDENAS-NAVARRA-2.jpeg 1045w\" sizes=\"(max-width: 669px) 100vw, 669px\" \/>\t\t\t\t\t\t\t\t\t\t\t\t\t\t\t<\/div>\n\t\t\t\t<\/div>\n\t\t\t\t\t<\/div>\n\t\t\t\t<\/div>\n\t\t<div class=\"has_eae_slider elementor-element elementor-element-dfacde0 e-flex e-con-boxed e-con e-parent\" data-id=\"dfacde0\" data-element_type=\"container\">\n\t\t\t\t\t<div class=\"e-con-inner\">\n\t\t\t\t<div class=\"elementor-element elementor-element-9f08bb3 exad-sticky-section-no exad-glass-effect-no elementor-widget elementor-widget-spacer\" data-id=\"9f08bb3\" data-element_type=\"widget\" data-widget_type=\"spacer.default\">\n\t\t\t\t<div class=\"elementor-widget-container\">\n\t\t\t\t\t\t\t<div class=\"elementor-spacer\">\n\t\t\t<div class=\"elementor-spacer-inner\"><\/div>\n\t\t<\/div>\n\t\t\t\t\t\t<\/div>\n\t\t\t\t<\/div>\n\t\t\t\t\t<\/div>\n\t\t\t\t<\/div>\n\t\t\t\t<\/div>\n\t\t","protected":false},"excerpt":{"rendered":"<p>Los Ibiza arquitectos destacan en concursos centrados en la sostenibilidad, integrando eficiencia energ\u00e9tica y materiales locales. Mgag arquitectos aplica estas soluciones en sus dise\u00f1os. La aplicaci\u00f3n pr\u00e1ctica puede consultarse en la secci\u00f3n de proyectos.<\/p>\n","protected":false},"author":11,"featured_media":0,"comment_status":"open","ping_status":"open","sticky":false,"template":"","format":"standard","meta":{"inline_featured_image":false,"footnotes":""},"categories":[40],"tags":[],"class_list":["post-12219","post","type-post","status-publish","format-standard","hentry","category-concursos"],"_links":{"self":[{"href":"https:\/\/mgagarquitectos.com\/website\/wp-json\/wp\/v2\/posts\/12219","targetHints":{"allow":["GET"]}}],"collection":[{"href":"https:\/\/mgagarquitectos.com\/website\/wp-json\/wp\/v2\/posts"}],"about":[{"href":"https:\/\/mgagarquitectos.com\/website\/wp-json\/wp\/v2\/types\/post"}],"author":[{"embeddable":true,"href":"https:\/\/mgagarquitectos.com\/website\/wp-json\/wp\/v2\/users\/11"}],"replies":[{"embeddable":true,"href":"https:\/\/mgagarquitectos.com\/website\/wp-json\/wp\/v2\/comments?post=12219"}],"version-history":[{"count":8,"href":"https:\/\/mgagarquitectos.com\/website\/wp-json\/wp\/v2\/posts\/12219\/revisions"}],"predecessor-version":[{"id":12227,"href":"https:\/\/mgagarquitectos.com\/website\/wp-json\/wp\/v2\/posts\/12219\/revisions\/12227"}],"wp:attachment":[{"href":"https:\/\/mgagarquitectos.com\/website\/wp-json\/wp\/v2\/media?parent=12219"}],"wp:term":[{"taxonomy":"category","embeddable":true,"href":"https:\/\/mgagarquitectos.com\/website\/wp-json\/wp\/v2\/categories?post=12219"},{"taxonomy":"post_tag","embeddable":true,"href":"https:\/\/mgagarquitectos.com\/website\/wp-json\/wp\/v2\/tags?post=12219"}],"curies":[{"name":"wp","href":"https:\/\/api.w.org\/{rel}","templated":true}]}}