{"id":12312,"date":"2025-09-21T07:55:30","date_gmt":"2025-09-21T05:55:30","guid":{"rendered":"https:\/\/mgagarquitectos.com\/website\/?p=12312"},"modified":"2025-09-21T08:15:56","modified_gmt":"2025-09-21T06:15:56","slug":"ibiza-arquitectura-origenes-prehistoricos-al-legado-fenicio-y-cartagines","status":"publish","type":"post","link":"https:\/\/mgagarquitectos.com\/website\/ibiza-arquitectura-origenes-prehistoricos-al-legado-fenicio-y-cartagines\/","title":{"rendered":"Ibiza arquitectura: or\u00edgenes prehist\u00f3ricos, al legado fenicio y cartagin\u00e9s."},"content":{"rendered":"\t\t<div data-elementor-type=\"wp-post\" data-elementor-id=\"12312\" class=\"elementor elementor-12312\">\n\t\t\t\t<div class=\"has_eae_slider elementor-element elementor-element-1675423f e-flex e-con-boxed e-con e-parent\" data-id=\"1675423f\" data-element_type=\"container\">\n\t\t\t\t\t<div class=\"e-con-inner\">\n\t\t\t\t<div class=\"elementor-element elementor-element-63f90416 exad-sticky-section-no exad-glass-effect-no elementor-widget elementor-widget-text-editor\" data-id=\"63f90416\" data-element_type=\"widget\" data-widget_type=\"text-editor.default\">\n\t\t\t\t<div class=\"elementor-widget-container\">\n\t\t\t\t\t\t\t\t\t<p data-start=\"491\" data-end=\"782\">La <strong data-start=\"494\" data-end=\"516\">Ibiza arquitectura<\/strong> tiene sus primeras huellas en los asentamientos prehist\u00f3ricos. Las comunidades primitivas constru\u00edan con piedra seca y aprovechaban cuevas naturales como refugios. Estos primeros ejemplos muestran c\u00f3mo el hombre se adapt\u00f3 al entorno insular desde tiempos remotos.<\/p><p data-start=\"491\" data-end=\"782\">La llegada de los fenicios y cartagineses transform\u00f3 la <strong data-start=\"905\" data-end=\"930\">arquitectura en Ibiza<\/strong>. Introdujeron t\u00e9cnicas de urbanismo, construcciones defensivas y templos dedicados a sus divinidades. Restos arqueol\u00f3gicos como los de Sa Caleta reflejan esta influencia que sent\u00f3 las bases del desarrollo posterior.<\/p>\t\t\t\t\t\t\t\t<\/div>\n\t\t\t\t<\/div>\n\t\t\t\t\t<\/div>\n\t\t\t\t<\/div>\n\t\t<div class=\"has_eae_slider elementor-element elementor-element-dbe910d e-flex e-con-boxed e-con e-parent\" data-id=\"dbe910d\" data-element_type=\"container\">\n\t\t\t\t\t<div class=\"e-con-inner\">\n\t\t\t\t<div class=\"elementor-element elementor-element-f3bc8ac exad-sticky-section-no exad-glass-effect-no elementor-widget elementor-widget-image\" data-id=\"f3bc8ac\" data-element_type=\"widget\" data-widget_type=\"image.default\">\n\t\t\t\t<div class=\"elementor-widget-container\">\n\t\t\t\t\t\t\t\t\t\t\t\t\t\t\t<img fetchpriority=\"high\" decoding=\"async\" width=\"900\" height=\"526\" src=\"https:\/\/mgagarquitectos.com\/website\/wp-content\/uploads\/2025\/01\/4-6-1024x598.jpeg\" class=\"attachment-large size-large wp-image-9099\" alt=\"\" srcset=\"https:\/\/mgagarquitectos.com\/website\/wp-content\/uploads\/2025\/01\/4-6-1024x598.jpeg 1024w, https:\/\/mgagarquitectos.com\/website\/wp-content\/uploads\/2025\/01\/4-6-300x175.jpeg 300w, https:\/\/mgagarquitectos.com\/website\/wp-content\/uploads\/2025\/01\/4-6-768x449.jpeg 768w, https:\/\/mgagarquitectos.com\/website\/wp-content\/uploads\/2025\/01\/4-6-1536x898.jpeg 1536w, https:\/\/mgagarquitectos.com\/website\/wp-content\/uploads\/2025\/01\/4-6.jpeg 1600w\" sizes=\"(max-width: 900px) 100vw, 900px\" \/>\t\t\t\t\t\t\t\t\t\t\t\t\t\t\t<\/div>\n\t\t\t\t<\/div>\n\t\t\t\t\t<\/div>\n\t\t\t\t<\/div>\n\t\t<div class=\"has_eae_slider elementor-element elementor-element-dfacde0 e-flex e-con-boxed e-con e-parent\" data-id=\"dfacde0\" data-element_type=\"container\">\n\t\t\t\t\t<div class=\"e-con-inner\">\n\t\t\t\t<div class=\"elementor-element elementor-element-9f08bb3 exad-sticky-section-no exad-glass-effect-no elementor-widget elementor-widget-spacer\" data-id=\"9f08bb3\" data-element_type=\"widget\" data-widget_type=\"spacer.default\">\n\t\t\t\t<div class=\"elementor-widget-container\">\n\t\t\t\t\t\t\t<div class=\"elementor-spacer\">\n\t\t\t<div class=\"elementor-spacer-inner\"><\/div>\n\t\t<\/div>\n\t\t\t\t\t\t<\/div>\n\t\t\t\t<\/div>\n\t\t\t\t\t<\/div>\n\t\t\t\t<\/div>\n\t\t\t\t<\/div>\n\t\t","protected":false},"excerpt":{"rendered":"<p>La Ibiza arquitectura tiene sus primeras huellas en los asentamientos prehist\u00f3ricos. Las comunidades primitivas constru\u00edan con piedra seca y aprovechaban cuevas naturales como refugios. Estos primeros ejemplos muestran c\u00f3mo el hombre se adapt\u00f3 al entorno insular desde tiempos remotos.La llegada de los fenicios y cartagineses transform\u00f3 la arquitectura en Ibiza. Introdujeron t\u00e9cnicas de urbanismo, construcciones [&hellip;]<\/p>\n","protected":false},"author":11,"featured_media":0,"comment_status":"open","ping_status":"open","sticky":false,"template":"","format":"standard","meta":{"inline_featured_image":false,"footnotes":""},"categories":[78],"tags":[],"class_list":["post-12312","post","type-post","status-publish","format-standard","hentry","category-historia"],"_links":{"self":[{"href":"https:\/\/mgagarquitectos.com\/website\/wp-json\/wp\/v2\/posts\/12312","targetHints":{"allow":["GET"]}}],"collection":[{"href":"https:\/\/mgagarquitectos.com\/website\/wp-json\/wp\/v2\/posts"}],"about":[{"href":"https:\/\/mgagarquitectos.com\/website\/wp-json\/wp\/v2\/types\/post"}],"author":[{"embeddable":true,"href":"https:\/\/mgagarquitectos.com\/website\/wp-json\/wp\/v2\/users\/11"}],"replies":[{"embeddable":true,"href":"https:\/\/mgagarquitectos.com\/website\/wp-json\/wp\/v2\/comments?post=12312"}],"version-history":[{"count":15,"href":"https:\/\/mgagarquitectos.com\/website\/wp-json\/wp\/v2\/posts\/12312\/revisions"}],"predecessor-version":[{"id":12336,"href":"https:\/\/mgagarquitectos.com\/website\/wp-json\/wp\/v2\/posts\/12312\/revisions\/12336"}],"wp:attachment":[{"href":"https:\/\/mgagarquitectos.com\/website\/wp-json\/wp\/v2\/media?parent=12312"}],"wp:term":[{"taxonomy":"category","embeddable":true,"href":"https:\/\/mgagarquitectos.com\/website\/wp-json\/wp\/v2\/categories?post=12312"},{"taxonomy":"post_tag","embeddable":true,"href":"https:\/\/mgagarquitectos.com\/website\/wp-json\/wp\/v2\/tags?post=12312"}],"curies":[{"name":"wp","href":"https:\/\/api.w.org\/{rel}","templated":true}]}}