{"id":12325,"date":"2025-09-21T08:06:39","date_gmt":"2025-09-21T06:06:39","guid":{"rendered":"https:\/\/mgagarquitectos.com\/website\/?p=12325"},"modified":"2025-09-21T08:13:22","modified_gmt":"2025-09-21T06:13:22","slug":"ibiza-arquitectura-de-los-aportes-de-la-epoca-arabe-a-la-arquitectura-medieval-murallas-y-defensa","status":"publish","type":"post","link":"https:\/\/mgagarquitectos.com\/website\/ibiza-arquitectura-de-los-aportes-de-la-epoca-arabe-a-la-arquitectura-medieval-murallas-y-defensa\/","title":{"rendered":"Ibiza arquitectura: de los aportes de la \u00e9poca \u00e1rabe, a la arquitectura medieval: murallas y defensa."},"content":{"rendered":"\t\t<div data-elementor-type=\"wp-post\" data-elementor-id=\"12325\" class=\"elementor elementor-12325\">\n\t\t\t\t<div class=\"has_eae_slider elementor-element elementor-element-1675423f e-flex e-con-boxed e-con e-parent\" data-id=\"1675423f\" data-element_type=\"container\">\n\t\t\t\t\t<div class=\"e-con-inner\">\n\t\t\t\t<div class=\"elementor-element elementor-element-63f90416 exad-sticky-section-no exad-glass-effect-no elementor-widget elementor-widget-text-editor\" data-id=\"63f90416\" data-element_type=\"widget\" data-widget_type=\"text-editor.default\">\n\t\t\t\t<div class=\"elementor-widget-container\">\n\t\t\t\t\t\t\t\t\t<p>Durante la dominaci\u00f3n \u00e1rabe, la <strong data-start=\"1242\" data-end=\"1267\">arquitectura en Ibiza<\/strong> adopt\u00f3 sistemas de regad\u00edo, muros de contenci\u00f3n y un aprovechamiento inteligente de los recursos h\u00eddricos. Tambi\u00e9n se consolidaron formas de construcci\u00f3n compactas y funcionales, que a\u00fan hoy se reconocen en el paisaje rural de la isla.<\/p><p>Con la llegada del medievo, la <strong data-start=\"1600\" data-end=\"1622\">Ibiza arquitectura<\/strong> se centr\u00f3 en la defensa. Las murallas de Dalt Vila, declaradas Patrimonio de la Humanidad, son uno de los ejemplos m\u00e1s destacados. Estas fortificaciones combinaban la funcionalidad militar con la est\u00e9tica de la arquitectura renacentista.<\/p>\t\t\t\t\t\t\t\t<\/div>\n\t\t\t\t<\/div>\n\t\t\t\t\t<\/div>\n\t\t\t\t<\/div>\n\t\t<div class=\"has_eae_slider elementor-element elementor-element-dbe910d e-flex e-con-boxed e-con e-parent\" data-id=\"dbe910d\" data-element_type=\"container\">\n\t\t\t\t\t<div class=\"e-con-inner\">\n\t\t\t\t<div class=\"elementor-element elementor-element-f3bc8ac exad-sticky-section-no exad-glass-effect-no elementor-widget elementor-widget-image\" data-id=\"f3bc8ac\" data-element_type=\"widget\" data-widget_type=\"image.default\">\n\t\t\t\t<div class=\"elementor-widget-container\">\n\t\t\t\t\t\t\t\t\t\t\t\t\t\t\t<img fetchpriority=\"high\" decoding=\"async\" width=\"770\" height=\"1024\" src=\"https:\/\/mgagarquitectos.com\/website\/wp-content\/uploads\/2025\/01\/3-9-770x1024.jpeg\" class=\"attachment-large size-large wp-image-9098\" alt=\"\" srcset=\"https:\/\/mgagarquitectos.com\/website\/wp-content\/uploads\/2025\/01\/3-9-770x1024.jpeg 770w, https:\/\/mgagarquitectos.com\/website\/wp-content\/uploads\/2025\/01\/3-9-226x300.jpeg 226w, https:\/\/mgagarquitectos.com\/website\/wp-content\/uploads\/2025\/01\/3-9-768x1021.jpeg 768w, https:\/\/mgagarquitectos.com\/website\/wp-content\/uploads\/2025\/01\/3-9-1155x1536.jpeg 1155w, https:\/\/mgagarquitectos.com\/website\/wp-content\/uploads\/2025\/01\/3-9.jpeg 1203w\" sizes=\"(max-width: 770px) 100vw, 770px\" \/>\t\t\t\t\t\t\t\t\t\t\t\t\t\t\t<\/div>\n\t\t\t\t<\/div>\n\t\t\t\t\t<\/div>\n\t\t\t\t<\/div>\n\t\t<div class=\"has_eae_slider elementor-element elementor-element-dfacde0 e-flex e-con-boxed e-con e-parent\" data-id=\"dfacde0\" data-element_type=\"container\">\n\t\t\t\t\t<div class=\"e-con-inner\">\n\t\t\t\t<div class=\"elementor-element elementor-element-9f08bb3 exad-sticky-section-no exad-glass-effect-no elementor-widget elementor-widget-spacer\" data-id=\"9f08bb3\" data-element_type=\"widget\" data-widget_type=\"spacer.default\">\n\t\t\t\t<div class=\"elementor-widget-container\">\n\t\t\t\t\t\t\t<div class=\"elementor-spacer\">\n\t\t\t<div class=\"elementor-spacer-inner\"><\/div>\n\t\t<\/div>\n\t\t\t\t\t\t<\/div>\n\t\t\t\t<\/div>\n\t\t\t\t\t<\/div>\n\t\t\t\t<\/div>\n\t\t\t\t<\/div>\n\t\t","protected":false},"excerpt":{"rendered":"<p>Durante la dominaci\u00f3n \u00e1rabe, la arquitectura en Ibiza adopt\u00f3 sistemas de regad\u00edo, muros de contenci\u00f3n y un aprovechamiento inteligente de los recursos h\u00eddricos. Tambi\u00e9n se consolidaron formas de construcci\u00f3n compactas y funcionales, que a\u00fan hoy se reconocen en el paisaje rural de la isla. Con la llegada del medievo, la Ibiza arquitectura se centr\u00f3 en [&hellip;]<\/p>\n","protected":false},"author":11,"featured_media":0,"comment_status":"open","ping_status":"open","sticky":false,"template":"","format":"standard","meta":{"inline_featured_image":false,"footnotes":""},"categories":[78],"tags":[],"class_list":["post-12325","post","type-post","status-publish","format-standard","hentry","category-historia"],"_links":{"self":[{"href":"https:\/\/mgagarquitectos.com\/website\/wp-json\/wp\/v2\/posts\/12325","targetHints":{"allow":["GET"]}}],"collection":[{"href":"https:\/\/mgagarquitectos.com\/website\/wp-json\/wp\/v2\/posts"}],"about":[{"href":"https:\/\/mgagarquitectos.com\/website\/wp-json\/wp\/v2\/types\/post"}],"author":[{"embeddable":true,"href":"https:\/\/mgagarquitectos.com\/website\/wp-json\/wp\/v2\/users\/11"}],"replies":[{"embeddable":true,"href":"https:\/\/mgagarquitectos.com\/website\/wp-json\/wp\/v2\/comments?post=12325"}],"version-history":[{"count":6,"href":"https:\/\/mgagarquitectos.com\/website\/wp-json\/wp\/v2\/posts\/12325\/revisions"}],"predecessor-version":[{"id":12333,"href":"https:\/\/mgagarquitectos.com\/website\/wp-json\/wp\/v2\/posts\/12325\/revisions\/12333"}],"wp:attachment":[{"href":"https:\/\/mgagarquitectos.com\/website\/wp-json\/wp\/v2\/media?parent=12325"}],"wp:term":[{"taxonomy":"category","embeddable":true,"href":"https:\/\/mgagarquitectos.com\/website\/wp-json\/wp\/v2\/categories?post=12325"},{"taxonomy":"post_tag","embeddable":true,"href":"https:\/\/mgagarquitectos.com\/website\/wp-json\/wp\/v2\/tags?post=12325"}],"curies":[{"name":"wp","href":"https:\/\/api.w.org\/{rel}","templated":true}]}}