{"id":12583,"date":"2025-10-21T08:33:24","date_gmt":"2025-10-21T06:33:24","guid":{"rendered":"https:\/\/mgagarquitectos.com\/website\/?p=12583"},"modified":"2025-10-21T08:35:41","modified_gmt":"2025-10-21T06:35:41","slug":"fachadas-ventiladas-eficiencia-y-confort-en-la-arquitectura-de-ibiza","status":"publish","type":"post","link":"https:\/\/mgagarquitectos.com\/website\/fachadas-ventiladas-eficiencia-y-confort-en-la-arquitectura-de-ibiza\/","title":{"rendered":"Fachadas ventiladas: eficiencia y confort en la arquitectura de Ibiza"},"content":{"rendered":"\t\t<div data-elementor-type=\"wp-post\" data-elementor-id=\"12583\" class=\"elementor elementor-12583\">\n\t\t\t\t<div class=\"has_eae_slider elementor-element elementor-element-1675423f e-flex e-con-boxed e-con e-parent\" data-id=\"1675423f\" data-element_type=\"container\">\n\t\t\t\t\t<div class=\"e-con-inner\">\n\t\t\t\t<div class=\"elementor-element elementor-element-63f90416 exad-sticky-section-no exad-glass-effect-no elementor-widget elementor-widget-text-editor\" data-id=\"63f90416\" data-element_type=\"widget\" data-widget_type=\"text-editor.default\">\n\t\t\t\t<div class=\"elementor-widget-container\">\n\t\t\t\t\t\t\t\t\t<p>El uso de fachadas ventiladas se ha convertido en una tendencia clave entre los arquitectos Ibiza, por su capacidad para mejorar el aislamiento t\u00e9rmico y la eficiencia energ\u00e9tica de las viviendas. Este sistema, que permite la circulaci\u00f3n del aire entre el muro y el revestimiento exterior, reduce el consumo de energ\u00eda y aporta confort en climas c\u00e1lidos como el de la isla.<\/p>\t\t\t\t\t\t\t\t<\/div>\n\t\t\t\t<\/div>\n\t\t\t\t\t<\/div>\n\t\t\t\t<\/div>\n\t\t<div class=\"has_eae_slider elementor-element elementor-element-dbe910d e-flex e-con-boxed e-con e-parent\" data-id=\"dbe910d\" data-element_type=\"container\">\n\t\t\t\t\t<div class=\"e-con-inner\">\n\t\t\t\t<div class=\"elementor-element elementor-element-f3bc8ac exad-sticky-section-no exad-glass-effect-no elementor-widget elementor-widget-image\" data-id=\"f3bc8ac\" data-element_type=\"widget\" data-widget_type=\"image.default\">\n\t\t\t\t<div class=\"elementor-widget-container\">\n\t\t\t\t\t\t\t\t\t\t\t\t\t\t\t<img fetchpriority=\"high\" decoding=\"async\" width=\"900\" height=\"600\" src=\"https:\/\/mgagarquitectos.com\/website\/wp-content\/uploads\/2025\/07\/07-1024x683.jpg\" class=\"attachment-large size-large wp-image-11694\" alt=\"\" srcset=\"https:\/\/mgagarquitectos.com\/website\/wp-content\/uploads\/2025\/07\/07-1024x683.jpg 1024w, https:\/\/mgagarquitectos.com\/website\/wp-content\/uploads\/2025\/07\/07-300x200.jpg 300w, https:\/\/mgagarquitectos.com\/website\/wp-content\/uploads\/2025\/07\/07-768x512.jpg 768w, https:\/\/mgagarquitectos.com\/website\/wp-content\/uploads\/2025\/07\/07-1536x1024.jpg 1536w, https:\/\/mgagarquitectos.com\/website\/wp-content\/uploads\/2025\/07\/07-2048x1365.jpg 2048w\" sizes=\"(max-width: 900px) 100vw, 900px\" \/>\t\t\t\t\t\t\t\t\t\t\t\t\t\t\t<\/div>\n\t\t\t\t<\/div>\n\t\t\t\t\t<\/div>\n\t\t\t\t<\/div>\n\t\t<div class=\"has_eae_slider elementor-element elementor-element-dfacde0 e-flex e-con-boxed e-con e-parent\" data-id=\"dfacde0\" data-element_type=\"container\">\n\t\t\t\t\t<div class=\"e-con-inner\">\n\t\t\t\t<div class=\"elementor-element elementor-element-9f08bb3 exad-sticky-section-no exad-glass-effect-no elementor-widget elementor-widget-spacer\" data-id=\"9f08bb3\" data-element_type=\"widget\" data-widget_type=\"spacer.default\">\n\t\t\t\t<div class=\"elementor-widget-container\">\n\t\t\t\t\t\t\t<div class=\"elementor-spacer\">\n\t\t\t<div class=\"elementor-spacer-inner\"><\/div>\n\t\t<\/div>\n\t\t\t\t\t\t<\/div>\n\t\t\t\t<\/div>\n\t\t\t\t\t<\/div>\n\t\t\t\t<\/div>\n\t\t\t\t<\/div>\n\t\t","protected":false},"excerpt":{"rendered":"<p>El uso de fachadas ventiladas se ha convertido en una tendencia clave entre los arquitectos Ibiza, por su capacidad para mejorar el aislamiento t\u00e9rmico y la eficiencia energ\u00e9tica de las viviendas. Este sistema, que permite la circulaci\u00f3n del aire entre el muro y el revestimiento exterior, reduce el consumo de energ\u00eda y aporta confort en [&hellip;]<\/p>\n","protected":false},"author":11,"featured_media":0,"comment_status":"open","ping_status":"open","sticky":false,"template":"","format":"standard","meta":{"inline_featured_image":false,"footnotes":""},"categories":[79],"tags":[],"class_list":["post-12583","post","type-post","status-publish","format-standard","hentry","category-fachadas"],"_links":{"self":[{"href":"https:\/\/mgagarquitectos.com\/website\/wp-json\/wp\/v2\/posts\/12583","targetHints":{"allow":["GET"]}}],"collection":[{"href":"https:\/\/mgagarquitectos.com\/website\/wp-json\/wp\/v2\/posts"}],"about":[{"href":"https:\/\/mgagarquitectos.com\/website\/wp-json\/wp\/v2\/types\/post"}],"author":[{"embeddable":true,"href":"https:\/\/mgagarquitectos.com\/website\/wp-json\/wp\/v2\/users\/11"}],"replies":[{"embeddable":true,"href":"https:\/\/mgagarquitectos.com\/website\/wp-json\/wp\/v2\/comments?post=12583"}],"version-history":[{"count":7,"href":"https:\/\/mgagarquitectos.com\/website\/wp-json\/wp\/v2\/posts\/12583\/revisions"}],"predecessor-version":[{"id":12590,"href":"https:\/\/mgagarquitectos.com\/website\/wp-json\/wp\/v2\/posts\/12583\/revisions\/12590"}],"wp:attachment":[{"href":"https:\/\/mgagarquitectos.com\/website\/wp-json\/wp\/v2\/media?parent=12583"}],"wp:term":[{"taxonomy":"category","embeddable":true,"href":"https:\/\/mgagarquitectos.com\/website\/wp-json\/wp\/v2\/categories?post=12583"},{"taxonomy":"post_tag","embeddable":true,"href":"https:\/\/mgagarquitectos.com\/website\/wp-json\/wp\/v2\/tags?post=12583"}],"curies":[{"name":"wp","href":"https:\/\/api.w.org\/{rel}","templated":true}]}}