{"id":12592,"date":"2025-10-23T08:02:21","date_gmt":"2025-10-23T06:02:21","guid":{"rendered":"https:\/\/mgagarquitectos.com\/website\/?p=12592"},"modified":"2025-10-23T08:04:45","modified_gmt":"2025-10-23T06:04:45","slug":"ibiza-arquitectos-la-piedra-natural-identidad-y-durabilidad-en-la-arquitectura-ibicenca","status":"publish","type":"post","link":"https:\/\/mgagarquitectos.com\/website\/ibiza-arquitectos-la-piedra-natural-identidad-y-durabilidad-en-la-arquitectura-ibicenca\/","title":{"rendered":"Ibiza arquitectos. La piedra natural, identidad y durabilidad en la arquitectura ibicenca"},"content":{"rendered":"\t\t<div data-elementor-type=\"wp-post\" data-elementor-id=\"12592\" class=\"elementor elementor-12592\">\n\t\t\t\t<div class=\"has_eae_slider elementor-element elementor-element-1675423f e-flex e-con-boxed e-con e-parent\" data-id=\"1675423f\" data-element_type=\"container\">\n\t\t\t\t\t<div class=\"e-con-inner\">\n\t\t\t\t<div class=\"elementor-element elementor-element-63f90416 exad-sticky-section-no exad-glass-effect-no elementor-widget elementor-widget-text-editor\" data-id=\"63f90416\" data-element_type=\"widget\" data-widget_type=\"text-editor.default\">\n\t\t\t\t<div class=\"elementor-widget-container\">\n\t\t\t\t\t\t\t\t\t<p>La piedra sigue siendo uno de los materiales m\u00e1s reconocibles de la arquitectura en Ibiza. Su uso en fachadas combina tradici\u00f3n y sostenibilidad, adem\u00e1s de ofrecer una resistencia natural al paso del tiempo. Muchos estudios de arquitectura Ibiza reinterpretan hoy este material en dise\u00f1os contempor\u00e1neos, manteniendo la esencia mediterr\u00e1nea.<\/p>\t\t\t\t\t\t\t\t<\/div>\n\t\t\t\t<\/div>\n\t\t\t\t\t<\/div>\n\t\t\t\t<\/div>\n\t\t<div class=\"has_eae_slider elementor-element elementor-element-dbe910d e-flex e-con-boxed e-con e-parent\" data-id=\"dbe910d\" data-element_type=\"container\">\n\t\t\t\t\t<div class=\"e-con-inner\">\n\t\t\t\t<div class=\"elementor-element elementor-element-f3bc8ac exad-sticky-section-no exad-glass-effect-no elementor-widget elementor-widget-image\" data-id=\"f3bc8ac\" data-element_type=\"widget\" data-widget_type=\"image.default\">\n\t\t\t\t<div class=\"elementor-widget-container\">\n\t\t\t\t\t\t\t\t\t\t\t\t\t\t\t<img fetchpriority=\"high\" decoding=\"async\" width=\"900\" height=\"506\" src=\"https:\/\/mgagarquitectos.com\/website\/wp-content\/uploads\/2025\/01\/191020_ext02-1024x576.jpg\" class=\"attachment-large size-large wp-image-9603\" alt=\"\" srcset=\"https:\/\/mgagarquitectos.com\/website\/wp-content\/uploads\/2025\/01\/191020_ext02-1024x576.jpg 1024w, https:\/\/mgagarquitectos.com\/website\/wp-content\/uploads\/2025\/01\/191020_ext02-300x169.jpg 300w, https:\/\/mgagarquitectos.com\/website\/wp-content\/uploads\/2025\/01\/191020_ext02-768x432.jpg 768w, https:\/\/mgagarquitectos.com\/website\/wp-content\/uploads\/2025\/01\/191020_ext02-1536x864.jpg 1536w, https:\/\/mgagarquitectos.com\/website\/wp-content\/uploads\/2025\/01\/191020_ext02.jpg 1920w\" sizes=\"(max-width: 900px) 100vw, 900px\" \/>\t\t\t\t\t\t\t\t\t\t\t\t\t\t\t<\/div>\n\t\t\t\t<\/div>\n\t\t\t\t\t<\/div>\n\t\t\t\t<\/div>\n\t\t<div class=\"has_eae_slider elementor-element elementor-element-dfacde0 e-flex e-con-boxed e-con e-parent\" data-id=\"dfacde0\" data-element_type=\"container\">\n\t\t\t\t\t<div class=\"e-con-inner\">\n\t\t\t\t<div class=\"elementor-element elementor-element-9f08bb3 exad-sticky-section-no exad-glass-effect-no elementor-widget elementor-widget-spacer\" data-id=\"9f08bb3\" data-element_type=\"widget\" data-widget_type=\"spacer.default\">\n\t\t\t\t<div class=\"elementor-widget-container\">\n\t\t\t\t\t\t\t<div class=\"elementor-spacer\">\n\t\t\t<div class=\"elementor-spacer-inner\"><\/div>\n\t\t<\/div>\n\t\t\t\t\t\t<\/div>\n\t\t\t\t<\/div>\n\t\t\t\t\t<\/div>\n\t\t\t\t<\/div>\n\t\t\t\t<\/div>\n\t\t","protected":false},"excerpt":{"rendered":"<p>La piedra sigue siendo uno de los materiales m\u00e1s reconocibles de la arquitectura en Ibiza. Su uso en fachadas combina tradici\u00f3n y sostenibilidad, adem\u00e1s de ofrecer una resistencia natural al paso del tiempo. Muchos estudios de arquitectura Ibiza reinterpretan hoy este material en dise\u00f1os contempor\u00e1neos, manteniendo la esencia mediterr\u00e1nea.<\/p>\n","protected":false},"author":11,"featured_media":0,"comment_status":"open","ping_status":"open","sticky":false,"template":"","format":"standard","meta":{"inline_featured_image":false,"footnotes":""},"categories":[79],"tags":[],"class_list":["post-12592","post","type-post","status-publish","format-standard","hentry","category-fachadas"],"_links":{"self":[{"href":"https:\/\/mgagarquitectos.com\/website\/wp-json\/wp\/v2\/posts\/12592","targetHints":{"allow":["GET"]}}],"collection":[{"href":"https:\/\/mgagarquitectos.com\/website\/wp-json\/wp\/v2\/posts"}],"about":[{"href":"https:\/\/mgagarquitectos.com\/website\/wp-json\/wp\/v2\/types\/post"}],"author":[{"embeddable":true,"href":"https:\/\/mgagarquitectos.com\/website\/wp-json\/wp\/v2\/users\/11"}],"replies":[{"embeddable":true,"href":"https:\/\/mgagarquitectos.com\/website\/wp-json\/wp\/v2\/comments?post=12592"}],"version-history":[{"count":7,"href":"https:\/\/mgagarquitectos.com\/website\/wp-json\/wp\/v2\/posts\/12592\/revisions"}],"predecessor-version":[{"id":12599,"href":"https:\/\/mgagarquitectos.com\/website\/wp-json\/wp\/v2\/posts\/12592\/revisions\/12599"}],"wp:attachment":[{"href":"https:\/\/mgagarquitectos.com\/website\/wp-json\/wp\/v2\/media?parent=12592"}],"wp:term":[{"taxonomy":"category","embeddable":true,"href":"https:\/\/mgagarquitectos.com\/website\/wp-json\/wp\/v2\/categories?post=12592"},{"taxonomy":"post_tag","embeddable":true,"href":"https:\/\/mgagarquitectos.com\/website\/wp-json\/wp\/v2\/tags?post=12592"}],"curies":[{"name":"wp","href":"https:\/\/api.w.org\/{rel}","templated":true}]}}