{"id":12633,"date":"2025-10-30T10:58:15","date_gmt":"2025-10-30T09:58:15","guid":{"rendered":"https:\/\/mgagarquitectos.com\/website\/?p=12633"},"modified":"2025-10-30T11:03:06","modified_gmt":"2025-10-30T10:03:06","slug":"arquitectos-en-ibiza-proyecto-de-centro-cultural-inspirado-en-la-tradicion-insular","status":"publish","type":"post","link":"https:\/\/mgagarquitectos.com\/website\/arquitectos-en-ibiza-proyecto-de-centro-cultural-inspirado-en-la-tradicion-insular\/","title":{"rendered":"Arquitectos en Ibiza: proyecto de centro cultural inspirado en la tradici\u00f3n insular"},"content":{"rendered":"\t\t<div data-elementor-type=\"wp-post\" data-elementor-id=\"12633\" class=\"elementor elementor-12633\">\n\t\t\t\t<div class=\"has_eae_slider elementor-element elementor-element-1675423f e-flex e-con-boxed e-con e-parent\" data-id=\"1675423f\" data-element_type=\"container\">\n\t\t\t\t\t<div class=\"e-con-inner\">\n\t\t\t\t<div class=\"elementor-element elementor-element-63f90416 exad-sticky-section-no exad-glass-effect-no elementor-widget elementor-widget-text-editor\" data-id=\"63f90416\" data-element_type=\"widget\" data-widget_type=\"text-editor.default\">\n\t\t\t\t<div class=\"elementor-widget-container\">\n\t\t\t\t\t\t\t\t\t<p>El Consell de Ibiza ha presentado un ambicioso proyecto para el nuevo Centro de Patrimonio Cultural Inmaterial en Sant Rafel, con una inversi\u00f3n de 7,6 millones de euros. El dise\u00f1o rescata elementos propios de la <strong data-start=\"1085\" data-end=\"1110\">arquitectura en Ibiza<\/strong>, como la combinaci\u00f3n de piedra y madera local con vidrio, acero y aluminio, y busca la certificaci\u00f3n ambiental \u201cVERDE\u201d. En <strong data-start=\"1234\" data-end=\"1254\">Mgag arquitectos<\/strong>, consideramos que este tipo de iniciativas refuerzan la identidad arquitect\u00f3nica de la isla y sirven de referencia para nuestros trabajos. <span class=\"\" data-state=\"closed\"><span class=\"ms-1 inline-flex max-w-full items-center relative top-[-0.094rem] animate-[show_150ms_ease-in]\" data-testid=\"webpage-citation-pill\"><a class=\"flex h-4.5 overflow-hidden rounded-xl px-2 text-[9px] font-medium transition-colors duration-150 ease-in-out text-token-text-secondary! bg-[#F4F4F4]! dark:bg-[#303030]!\" href=\"https:\/\/cadenaser.com\/baleares\/2025\/06\/23\/el-consell-de-ibiza-presenta-el-proyecto-del-centro-cultural-en-el-hipodromo-de-sant-rafel-radio-ibiza\/?utm_source=chatgpt.com\" target=\"_blank\" rel=\"noopener\"><span class=\"relative start-0 bottom-0 flex h-full w-full items-center\"><span class=\"flex h-4 w-full items-center justify-between overflow-hidden\"><span class=\"max-w-[15ch] grow truncate overflow-hidden text-center\">Cadena SER<\/span><\/span><\/span><\/a><\/span><\/span><\/p>\t\t\t\t\t\t\t\t<\/div>\n\t\t\t\t<\/div>\n\t\t\t\t\t<\/div>\n\t\t\t\t<\/div>\n\t\t<div class=\"has_eae_slider elementor-element elementor-element-dbe910d e-flex e-con-boxed e-con e-parent\" data-id=\"dbe910d\" data-element_type=\"container\">\n\t\t\t\t\t<div class=\"e-con-inner\">\n\t\t\t\t<div class=\"elementor-element elementor-element-f3bc8ac exad-sticky-section-no exad-glass-effect-no elementor-widget elementor-widget-image\" data-id=\"f3bc8ac\" data-element_type=\"widget\" data-widget_type=\"image.default\">\n\t\t\t\t<div class=\"elementor-widget-container\">\n\t\t\t\t\t\t\t\t\t\t\t\t\t\t\t<img fetchpriority=\"high\" decoding=\"async\" width=\"819\" height=\"1024\" src=\"https:\/\/mgagarquitectos.com\/website\/wp-content\/uploads\/2025\/01\/11-3-819x1024.jpg\" class=\"attachment-large size-large wp-image-8916\" alt=\"\" srcset=\"https:\/\/mgagarquitectos.com\/website\/wp-content\/uploads\/2025\/01\/11-3-819x1024.jpg 819w, https:\/\/mgagarquitectos.com\/website\/wp-content\/uploads\/2025\/01\/11-3-240x300.jpg 240w, https:\/\/mgagarquitectos.com\/website\/wp-content\/uploads\/2025\/01\/11-3-768x960.jpg 768w, https:\/\/mgagarquitectos.com\/website\/wp-content\/uploads\/2025\/01\/11-3-1229x1536.jpg 1229w, https:\/\/mgagarquitectos.com\/website\/wp-content\/uploads\/2025\/01\/11-3-1638x2048.jpg 1638w, https:\/\/mgagarquitectos.com\/website\/wp-content\/uploads\/2025\/01\/11-3-scaled.jpg 2048w\" sizes=\"(max-width: 819px) 100vw, 819px\" \/>\t\t\t\t\t\t\t\t\t\t\t\t\t\t\t<\/div>\n\t\t\t\t<\/div>\n\t\t\t\t\t<\/div>\n\t\t\t\t<\/div>\n\t\t<div class=\"has_eae_slider elementor-element elementor-element-dfacde0 e-flex e-con-boxed e-con e-parent\" data-id=\"dfacde0\" data-element_type=\"container\">\n\t\t\t\t\t<div class=\"e-con-inner\">\n\t\t\t\t<div class=\"elementor-element elementor-element-9f08bb3 exad-sticky-section-no exad-glass-effect-no elementor-widget elementor-widget-spacer\" data-id=\"9f08bb3\" data-element_type=\"widget\" data-widget_type=\"spacer.default\">\n\t\t\t\t<div class=\"elementor-widget-container\">\n\t\t\t\t\t\t\t<div class=\"elementor-spacer\">\n\t\t\t<div class=\"elementor-spacer-inner\"><\/div>\n\t\t<\/div>\n\t\t\t\t\t\t<\/div>\n\t\t\t\t<\/div>\n\t\t\t\t\t<\/div>\n\t\t\t\t<\/div>\n\t\t\t\t<\/div>\n\t\t","protected":false},"excerpt":{"rendered":"<p>El Consell de Ibiza ha presentado un ambicioso proyecto para el nuevo Centro de Patrimonio Cultural Inmaterial en Sant Rafel, con una inversi\u00f3n de 7,6 millones de euros. El dise\u00f1o rescata elementos propios de la arquitectura en Ibiza, como la combinaci\u00f3n de piedra y madera local con vidrio, acero y aluminio, y busca la certificaci\u00f3n [&hellip;]<\/p>\n","protected":false},"author":11,"featured_media":0,"comment_status":"open","ping_status":"open","sticky":false,"template":"","format":"standard","meta":{"inline_featured_image":false,"footnotes":""},"categories":[80],"tags":[],"class_list":["post-12633","post","type-post","status-publish","format-standard","hentry","category-sostenibilidad"],"_links":{"self":[{"href":"https:\/\/mgagarquitectos.com\/website\/wp-json\/wp\/v2\/posts\/12633","targetHints":{"allow":["GET"]}}],"collection":[{"href":"https:\/\/mgagarquitectos.com\/website\/wp-json\/wp\/v2\/posts"}],"about":[{"href":"https:\/\/mgagarquitectos.com\/website\/wp-json\/wp\/v2\/types\/post"}],"author":[{"embeddable":true,"href":"https:\/\/mgagarquitectos.com\/website\/wp-json\/wp\/v2\/users\/11"}],"replies":[{"embeddable":true,"href":"https:\/\/mgagarquitectos.com\/website\/wp-json\/wp\/v2\/comments?post=12633"}],"version-history":[{"count":7,"href":"https:\/\/mgagarquitectos.com\/website\/wp-json\/wp\/v2\/posts\/12633\/revisions"}],"predecessor-version":[{"id":12640,"href":"https:\/\/mgagarquitectos.com\/website\/wp-json\/wp\/v2\/posts\/12633\/revisions\/12640"}],"wp:attachment":[{"href":"https:\/\/mgagarquitectos.com\/website\/wp-json\/wp\/v2\/media?parent=12633"}],"wp:term":[{"taxonomy":"category","embeddable":true,"href":"https:\/\/mgagarquitectos.com\/website\/wp-json\/wp\/v2\/categories?post=12633"},{"taxonomy":"post_tag","embeddable":true,"href":"https:\/\/mgagarquitectos.com\/website\/wp-json\/wp\/v2\/tags?post=12633"}],"curies":[{"name":"wp","href":"https:\/\/api.w.org\/{rel}","templated":true}]}}