{"id":12650,"date":"2025-11-01T07:26:00","date_gmt":"2025-11-01T06:26:00","guid":{"rendered":"https:\/\/mgagarquitectos.com\/website\/?p=12650"},"modified":"2025-11-01T07:40:47","modified_gmt":"2025-11-01T06:40:47","slug":"estudio-de-arquitectura-en-ibiza-mgag-arquitectos-y-su-proyecto-del-hotel-oku-ibiza","status":"publish","type":"post","link":"https:\/\/mgagarquitectos.com\/website\/estudio-de-arquitectura-en-ibiza-mgag-arquitectos-y-su-proyecto-del-hotel-oku-ibiza\/","title":{"rendered":"Estudio de arquitectura en Ibiza MG&#038;AG Arquitectos y su proyecto del Hotel OKU Ibiza"},"content":{"rendered":"\t\t<div data-elementor-type=\"wp-post\" data-elementor-id=\"12650\" class=\"elementor elementor-12650\">\n\t\t\t\t<div class=\"has_eae_slider elementor-element elementor-element-1675423f e-flex e-con-boxed e-con e-parent\" data-id=\"1675423f\" data-element_type=\"container\">\n\t\t\t\t\t<div class=\"e-con-inner\">\n\t\t\t\t<div class=\"elementor-element elementor-element-63f90416 exad-sticky-section-no exad-glass-effect-no elementor-widget elementor-widget-text-editor\" data-id=\"63f90416\" data-element_type=\"widget\" data-widget_type=\"text-editor.default\">\n\t\t\t\t<div class=\"elementor-widget-container\">\n\t\t\t\t\t\t\t\t\t<p data-start=\"323\" data-end=\"777\">El <strong data-start=\"326\" data-end=\"380\">estudio de arquitectura en Ibiza MG&amp;AG Arquitectos<\/strong>, liderado por Miguel Garc\u00eda Quetglas y Andr\u00e9s Garc\u00eda Castiella, ha sido el responsable del dise\u00f1o del reconocido <strong data-start=\"494\" data-end=\"513\">Hotel OKU Ibiza<\/strong>, un proyecto que ha marcado un antes y un despu\u00e9s en la arquitectura hotelera de la isla. El edificio, situado en una de las zonas m\u00e1s exclusivas de Sant Antoni, combina l\u00edneas puras, materiales naturales y una integraci\u00f3n impecable con el paisaje mediterr\u00e1neo.<\/p><p data-start=\"779\" data-end=\"1106\">El trabajo de <strong data-start=\"793\" data-end=\"814\">MG&amp;AG Arquitectos<\/strong> ha sido destacado por su capacidad para reinterpretar la tradici\u00f3n local desde una mirada contempor\u00e1nea. Los vol\u00famenes blancos, las texturas de piedra y madera y el uso de patios interiores evocan la esencia de la arquitectura ibicenca tradicional, pero con una est\u00e9tica actual y elegante.<\/p><p data-start=\"1108\" data-end=\"1510\">Diversos medios especializados han calificado este proyecto como \u201cun dise\u00f1o casi perfecto\u201d, no solo por su armon\u00eda formal, sino tambi\u00e9n por su eficiencia energ\u00e9tica y respeto al entorno. En un contexto en el que la <strong data-start=\"1323\" data-end=\"1348\">arquitectura en Ibiza<\/strong> busca equilibrar el turismo de lujo con la sostenibilidad, el Hotel OKU se ha convertido en un referente internacional de buen dise\u00f1o y sensibilidad ambiental.<\/p><p data-start=\"1512\" data-end=\"1742\">El proyecto reafirma el compromiso del <strong data-start=\"1551\" data-end=\"1603\">equipo de arquitectos en Ibiza MG&amp;AG Arquitectos<\/strong> con la creaci\u00f3n de espacios que transmiten calma, coherencia y autenticidad, valores que definen la identidad arquitect\u00f3nica de la isla.<\/p>\t\t\t\t\t\t\t\t<\/div>\n\t\t\t\t<\/div>\n\t\t\t\t\t<\/div>\n\t\t\t\t<\/div>\n\t\t<div class=\"has_eae_slider elementor-element elementor-element-dbe910d e-flex e-con-boxed e-con e-parent\" data-id=\"dbe910d\" data-element_type=\"container\">\n\t\t\t\t\t<div class=\"e-con-inner\">\n\t\t\t\t<div class=\"elementor-element elementor-element-f3bc8ac exad-sticky-section-no exad-glass-effect-no elementor-widget elementor-widget-image\" data-id=\"f3bc8ac\" data-element_type=\"widget\" data-widget_type=\"image.default\">\n\t\t\t\t<div class=\"elementor-widget-container\">\n\t\t\t\t\t\t\t\t\t\t\t\t\t\t\t<img fetchpriority=\"high\" decoding=\"async\" width=\"900\" height=\"600\" src=\"https:\/\/mgagarquitectos.com\/website\/wp-content\/uploads\/2025\/01\/02-3-1024x683.jpg\" class=\"attachment-large size-large wp-image-9164\" alt=\"\" srcset=\"https:\/\/mgagarquitectos.com\/website\/wp-content\/uploads\/2025\/01\/02-3-1024x683.jpg 1024w, https:\/\/mgagarquitectos.com\/website\/wp-content\/uploads\/2025\/01\/02-3-300x200.jpg 300w, https:\/\/mgagarquitectos.com\/website\/wp-content\/uploads\/2025\/01\/02-3-768x512.jpg 768w, https:\/\/mgagarquitectos.com\/website\/wp-content\/uploads\/2025\/01\/02-3-1536x1024.jpg 1536w, https:\/\/mgagarquitectos.com\/website\/wp-content\/uploads\/2025\/01\/02-3-2048x1365.jpg 2048w\" sizes=\"(max-width: 900px) 100vw, 900px\" \/>\t\t\t\t\t\t\t\t\t\t\t\t\t\t\t<\/div>\n\t\t\t\t<\/div>\n\t\t\t\t\t<\/div>\n\t\t\t\t<\/div>\n\t\t<div class=\"has_eae_slider elementor-element elementor-element-dfacde0 e-flex e-con-boxed e-con e-parent\" data-id=\"dfacde0\" data-element_type=\"container\">\n\t\t\t\t\t<div class=\"e-con-inner\">\n\t\t\t\t<div class=\"elementor-element elementor-element-9f08bb3 exad-sticky-section-no exad-glass-effect-no elementor-widget elementor-widget-spacer\" data-id=\"9f08bb3\" data-element_type=\"widget\" data-widget_type=\"spacer.default\">\n\t\t\t\t<div class=\"elementor-widget-container\">\n\t\t\t\t\t\t\t<div class=\"elementor-spacer\">\n\t\t\t<div class=\"elementor-spacer-inner\"><\/div>\n\t\t<\/div>\n\t\t\t\t\t\t<\/div>\n\t\t\t\t<\/div>\n\t\t\t\t\t<\/div>\n\t\t\t\t<\/div>\n\t\t\t\t<\/div>\n\t\t","protected":false},"excerpt":{"rendered":"<p>El estudio de arquitectura en Ibiza MG&amp;AG Arquitectos, liderado por Miguel Garc\u00eda Quetglas y Andr\u00e9s Garc\u00eda Castiella, ha sido el responsable del dise\u00f1o del reconocido Hotel OKU Ibiza, un proyecto que ha marcado un antes y un despu\u00e9s en la arquitectura hotelera de la isla. El edificio, situado en una de las zonas m\u00e1s exclusivas [&hellip;]<\/p>\n","protected":false},"author":11,"featured_media":0,"comment_status":"open","ping_status":"open","sticky":false,"template":"","format":"standard","meta":{"inline_featured_image":false,"footnotes":""},"categories":[81],"tags":[],"class_list":["post-12650","post","type-post","status-publish","format-standard","hentry","category-reportes-mgag-arquitectos"],"_links":{"self":[{"href":"https:\/\/mgagarquitectos.com\/website\/wp-json\/wp\/v2\/posts\/12650","targetHints":{"allow":["GET"]}}],"collection":[{"href":"https:\/\/mgagarquitectos.com\/website\/wp-json\/wp\/v2\/posts"}],"about":[{"href":"https:\/\/mgagarquitectos.com\/website\/wp-json\/wp\/v2\/types\/post"}],"author":[{"embeddable":true,"href":"https:\/\/mgagarquitectos.com\/website\/wp-json\/wp\/v2\/users\/11"}],"replies":[{"embeddable":true,"href":"https:\/\/mgagarquitectos.com\/website\/wp-json\/wp\/v2\/comments?post=12650"}],"version-history":[{"count":7,"href":"https:\/\/mgagarquitectos.com\/website\/wp-json\/wp\/v2\/posts\/12650\/revisions"}],"predecessor-version":[{"id":12657,"href":"https:\/\/mgagarquitectos.com\/website\/wp-json\/wp\/v2\/posts\/12650\/revisions\/12657"}],"wp:attachment":[{"href":"https:\/\/mgagarquitectos.com\/website\/wp-json\/wp\/v2\/media?parent=12650"}],"wp:term":[{"taxonomy":"category","embeddable":true,"href":"https:\/\/mgagarquitectos.com\/website\/wp-json\/wp\/v2\/categories?post=12650"},{"taxonomy":"post_tag","embeddable":true,"href":"https:\/\/mgagarquitectos.com\/website\/wp-json\/wp\/v2\/tags?post=12650"}],"curies":[{"name":"wp","href":"https:\/\/api.w.org\/{rel}","templated":true}]}}