{"id":12666,"date":"2025-11-04T08:28:58","date_gmt":"2025-11-04T07:28:58","guid":{"rendered":"https:\/\/mgagarquitectos.com\/website\/?p=12666"},"modified":"2025-11-04T08:34:15","modified_gmt":"2025-11-04T07:34:15","slug":"ibiza-arquitectos-mgag-arquitectos-la-autenticidad-en-arquitectura-es-complicada","status":"publish","type":"post","link":"https:\/\/mgagarquitectos.com\/website\/ibiza-arquitectos-mgag-arquitectos-la-autenticidad-en-arquitectura-es-complicada\/","title":{"rendered":"Ibiza arquitectos MG&#038;AG Arquitectos: \u201cLa autenticidad en arquitectura es complicada\u201d"},"content":{"rendered":"\t\t<div data-elementor-type=\"wp-post\" data-elementor-id=\"12666\" class=\"elementor elementor-12666\">\n\t\t\t\t<div class=\"has_eae_slider elementor-element elementor-element-1675423f e-flex e-con-boxed e-con e-parent\" data-id=\"1675423f\" data-element_type=\"container\">\n\t\t\t\t\t<div class=\"e-con-inner\">\n\t\t\t\t<div class=\"elementor-element elementor-element-63f90416 exad-sticky-section-no exad-glass-effect-no elementor-widget elementor-widget-text-editor\" data-id=\"63f90416\" data-element_type=\"widget\" data-widget_type=\"text-editor.default\">\n\t\t\t\t<div class=\"elementor-widget-container\">\n\t\t\t\t\t\t\t\t\t<p data-start=\"356\" data-end=\"807\">En una entrevista reciente publicada por <em data-start=\"397\" data-end=\"412\">DistritoHotel<\/em>, el equipo de <strong data-start=\"427\" data-end=\"448\">MG&amp;AG Arquitectos<\/strong>, formado por Miguel Garc\u00eda Quetglas y Andr\u00e9s Garc\u00eda Castiella, reflexiona sobre la complejidad de mantener la autenticidad en la arquitectura contempor\u00e1nea. Desde su estudio en la isla, los <strong data-start=\"639\" data-end=\"663\">arquitectos en Ibiza<\/strong> destacan que el reto no consiste solo en proyectar edificios, sino en comprender la identidad del lugar y reinterpretarla de forma coherente.<\/p><p data-start=\"809\" data-end=\"1233\">El estudio defiende una filosof\u00eda basada en la <strong data-start=\"856\" data-end=\"900\">deconstrucci\u00f3n de la arquitectura payesa<\/strong>, recuperando materiales y t\u00e9cnicas constructivas tradicionales para adaptarlas a nuevas geometr\u00edas y necesidades funcionales. Esta mirada hacia la esencia arquitect\u00f3nica, profundamente ligada al paisaje ibicenco, ha definido su sello personal y les ha permitido consolidarse como referencia en la <strong data-start=\"1198\" data-end=\"1223\">arquitectura en Ibiza<\/strong> actual.<\/p><p data-start=\"1235\" data-end=\"1570\">\u201cConstruir en Ibiza exige respeto: no solo hacia el entorno natural, sino tambi\u00e9n hacia la historia y la cultura que lo habitan\u201d, se\u00f1ala Andr\u00e9s Garc\u00eda Castiella. Una visi\u00f3n que resume la l\u00ednea de trabajo de <strong data-start=\"1442\" data-end=\"1463\">MG&amp;AG Arquitectos<\/strong>, donde la autenticidad se convierte en la base de un lenguaje arquitect\u00f3nico contempor\u00e1neo y sostenible.<\/p>\t\t\t\t\t\t\t\t<\/div>\n\t\t\t\t<\/div>\n\t\t\t\t\t<\/div>\n\t\t\t\t<\/div>\n\t\t<div class=\"has_eae_slider elementor-element elementor-element-dbe910d e-flex e-con-boxed e-con e-parent\" data-id=\"dbe910d\" data-element_type=\"container\">\n\t\t\t\t\t<div class=\"e-con-inner\">\n\t\t\t\t<div class=\"elementor-element elementor-element-f3bc8ac exad-sticky-section-no exad-glass-effect-no elementor-widget elementor-widget-image\" data-id=\"f3bc8ac\" data-element_type=\"widget\" data-widget_type=\"image.default\">\n\t\t\t\t<div class=\"elementor-widget-container\">\n\t\t\t\t\t\t\t\t\t\t\t\t\t\t\t<img fetchpriority=\"high\" decoding=\"async\" width=\"900\" height=\"506\" src=\"https:\/\/mgagarquitectos.com\/website\/wp-content\/uploads\/2025\/01\/191020_spa-1024x576.jpg\" class=\"attachment-large size-large wp-image-9612\" alt=\"\" srcset=\"https:\/\/mgagarquitectos.com\/website\/wp-content\/uploads\/2025\/01\/191020_spa-1024x576.jpg 1024w, https:\/\/mgagarquitectos.com\/website\/wp-content\/uploads\/2025\/01\/191020_spa-300x169.jpg 300w, https:\/\/mgagarquitectos.com\/website\/wp-content\/uploads\/2025\/01\/191020_spa-768x432.jpg 768w, https:\/\/mgagarquitectos.com\/website\/wp-content\/uploads\/2025\/01\/191020_spa-1536x864.jpg 1536w, https:\/\/mgagarquitectos.com\/website\/wp-content\/uploads\/2025\/01\/191020_spa.jpg 1920w\" sizes=\"(max-width: 900px) 100vw, 900px\" \/>\t\t\t\t\t\t\t\t\t\t\t\t\t\t\t<\/div>\n\t\t\t\t<\/div>\n\t\t\t\t\t<\/div>\n\t\t\t\t<\/div>\n\t\t<div class=\"has_eae_slider elementor-element elementor-element-dfacde0 e-flex e-con-boxed e-con e-parent\" data-id=\"dfacde0\" data-element_type=\"container\">\n\t\t\t\t\t<div class=\"e-con-inner\">\n\t\t\t\t<div class=\"elementor-element elementor-element-9f08bb3 exad-sticky-section-no exad-glass-effect-no elementor-widget elementor-widget-spacer\" data-id=\"9f08bb3\" data-element_type=\"widget\" data-widget_type=\"spacer.default\">\n\t\t\t\t<div class=\"elementor-widget-container\">\n\t\t\t\t\t\t\t<div class=\"elementor-spacer\">\n\t\t\t<div class=\"elementor-spacer-inner\"><\/div>\n\t\t<\/div>\n\t\t\t\t\t\t<\/div>\n\t\t\t\t<\/div>\n\t\t\t\t\t<\/div>\n\t\t\t\t<\/div>\n\t\t\t\t<\/div>\n\t\t","protected":false},"excerpt":{"rendered":"<p>En una entrevista reciente publicada por DistritoHotel, el equipo de MG&amp;AG Arquitectos, formado por Miguel Garc\u00eda Quetglas y Andr\u00e9s Garc\u00eda Castiella, reflexiona sobre la complejidad de mantener la autenticidad en la arquitectura contempor\u00e1nea. Desde su estudio en la isla, los arquitectos en Ibiza destacan que el reto no consiste solo en proyectar edificios, sino en [&hellip;]<\/p>\n","protected":false},"author":11,"featured_media":0,"comment_status":"open","ping_status":"open","sticky":false,"template":"","format":"standard","meta":{"inline_featured_image":false,"footnotes":""},"categories":[81],"tags":[],"class_list":["post-12666","post","type-post","status-publish","format-standard","hentry","category-reportes-mgag-arquitectos"],"_links":{"self":[{"href":"https:\/\/mgagarquitectos.com\/website\/wp-json\/wp\/v2\/posts\/12666","targetHints":{"allow":["GET"]}}],"collection":[{"href":"https:\/\/mgagarquitectos.com\/website\/wp-json\/wp\/v2\/posts"}],"about":[{"href":"https:\/\/mgagarquitectos.com\/website\/wp-json\/wp\/v2\/types\/post"}],"author":[{"embeddable":true,"href":"https:\/\/mgagarquitectos.com\/website\/wp-json\/wp\/v2\/users\/11"}],"replies":[{"embeddable":true,"href":"https:\/\/mgagarquitectos.com\/website\/wp-json\/wp\/v2\/comments?post=12666"}],"version-history":[{"count":7,"href":"https:\/\/mgagarquitectos.com\/website\/wp-json\/wp\/v2\/posts\/12666\/revisions"}],"predecessor-version":[{"id":12673,"href":"https:\/\/mgagarquitectos.com\/website\/wp-json\/wp\/v2\/posts\/12666\/revisions\/12673"}],"wp:attachment":[{"href":"https:\/\/mgagarquitectos.com\/website\/wp-json\/wp\/v2\/media?parent=12666"}],"wp:term":[{"taxonomy":"category","embeddable":true,"href":"https:\/\/mgagarquitectos.com\/website\/wp-json\/wp\/v2\/categories?post=12666"},{"taxonomy":"post_tag","embeddable":true,"href":"https:\/\/mgagarquitectos.com\/website\/wp-json\/wp\/v2\/tags?post=12666"}],"curies":[{"name":"wp","href":"https:\/\/api.w.org\/{rel}","templated":true}]}}