{"id":12674,"date":"2025-11-04T08:36:09","date_gmt":"2025-11-04T07:36:09","guid":{"rendered":"https:\/\/mgagarquitectos.com\/website\/?p=12674"},"modified":"2025-11-04T08:39:02","modified_gmt":"2025-11-04T07:39:02","slug":"ibiza-arquitectos-mgag-arquitectos-eleva-la-arquitectura-en-ibiza-con-el-hotel-oku","status":"publish","type":"post","link":"https:\/\/mgagarquitectos.com\/website\/ibiza-arquitectos-mgag-arquitectos-eleva-la-arquitectura-en-ibiza-con-el-hotel-oku\/","title":{"rendered":"Ibiza arquitectos. MG&#038;AG Arquitectos eleva la arquitectura en Ibiza con el Hotel OKU"},"content":{"rendered":"\t\t<div data-elementor-type=\"wp-post\" data-elementor-id=\"12674\" class=\"elementor elementor-12674\">\n\t\t\t\t<div class=\"has_eae_slider elementor-element elementor-element-1675423f e-flex e-con-boxed e-con e-parent\" data-id=\"1675423f\" data-element_type=\"container\">\n\t\t\t\t\t<div class=\"e-con-inner\">\n\t\t\t\t<div class=\"elementor-element elementor-element-63f90416 exad-sticky-section-no exad-glass-effect-no elementor-widget elementor-widget-text-editor\" data-id=\"63f90416\" data-element_type=\"widget\" data-widget_type=\"text-editor.default\">\n\t\t\t\t<div class=\"elementor-widget-container\">\n\t\t\t\t\t\t\t\t\t<p data-start=\"1652\" data-end=\"1962\">El <strong data-start=\"1655\" data-end=\"1674\">Hotel OKU Ibiza<\/strong> ha transformado la forma de entender la <strong data-start=\"1715\" data-end=\"1740\">arquitectura en Ibiza<\/strong>, integrando lujo, bienestar y naturaleza en un mismo concepto. Dise\u00f1ado por <strong data-start=\"1817\" data-end=\"1838\">MG&amp;AG Arquitectos<\/strong>, el proyecto combina materiales org\u00e1nicos, texturas naturales y una geometr\u00eda limpia que conecta con la luz mediterr\u00e1nea.<\/p><p data-start=\"1964\" data-end=\"2309\">Ubicado en Sant Antoni, el edificio se adapta a la pendiente del terreno y se abre hacia el paisaje a trav\u00e9s de terrazas escalonadas y amplios ventanales. La filosof\u00eda del estudio, centrada en la sencillez y la armon\u00eda, se refleja en cada detalle: desde los tonos neutros que evocan la tierra hasta las sombras proyectadas por la madera local.<\/p><p data-start=\"2311\" data-end=\"2671\">Los <strong data-start=\"2315\" data-end=\"2339\">arquitectos en Ibiza<\/strong> de MG&amp;AG han conseguido que el hotel sea m\u00e1s que un alojamiento: un espacio de experiencia sensorial donde la arquitectura potencia la serenidad. Este enfoque ha consolidado al estudio como referente internacional en dise\u00f1o hotelero sostenible y contempor\u00e1neo, un equilibrio perfecto entre sofisticaci\u00f3n y respeto por el entorno.<\/p>\t\t\t\t\t\t\t\t<\/div>\n\t\t\t\t<\/div>\n\t\t\t\t\t<\/div>\n\t\t\t\t<\/div>\n\t\t<div class=\"has_eae_slider elementor-element elementor-element-dbe910d e-flex e-con-boxed e-con e-parent\" data-id=\"dbe910d\" data-element_type=\"container\">\n\t\t\t\t\t<div class=\"e-con-inner\">\n\t\t\t\t<div class=\"elementor-element elementor-element-f3bc8ac exad-sticky-section-no exad-glass-effect-no elementor-widget elementor-widget-image\" data-id=\"f3bc8ac\" data-element_type=\"widget\" data-widget_type=\"image.default\">\n\t\t\t\t<div class=\"elementor-widget-container\">\n\t\t\t\t\t\t\t\t\t\t\t\t\t\t\t<img fetchpriority=\"high\" decoding=\"async\" width=\"900\" height=\"902\" src=\"https:\/\/mgagarquitectos.com\/website\/wp-content\/uploads\/2025\/01\/03-1022x1024.jpeg\" class=\"attachment-large size-large wp-image-9165\" alt=\"\" srcset=\"https:\/\/mgagarquitectos.com\/website\/wp-content\/uploads\/2025\/01\/03-1022x1024.jpeg 1022w, https:\/\/mgagarquitectos.com\/website\/wp-content\/uploads\/2025\/01\/03-300x300.jpeg 300w, https:\/\/mgagarquitectos.com\/website\/wp-content\/uploads\/2025\/01\/03-150x150.jpeg 150w, https:\/\/mgagarquitectos.com\/website\/wp-content\/uploads\/2025\/01\/03-768x769.jpeg 768w, https:\/\/mgagarquitectos.com\/website\/wp-content\/uploads\/2025\/01\/03-160x160.jpeg 160w, https:\/\/mgagarquitectos.com\/website\/wp-content\/uploads\/2025\/01\/03-320x320.jpeg 320w, https:\/\/mgagarquitectos.com\/website\/wp-content\/uploads\/2025\/01\/03-500x500.jpeg 500w, https:\/\/mgagarquitectos.com\/website\/wp-content\/uploads\/2025\/01\/03.jpeg 1242w\" sizes=\"(max-width: 900px) 100vw, 900px\" \/>\t\t\t\t\t\t\t\t\t\t\t\t\t\t\t<\/div>\n\t\t\t\t<\/div>\n\t\t\t\t\t<\/div>\n\t\t\t\t<\/div>\n\t\t<div class=\"has_eae_slider elementor-element elementor-element-dfacde0 e-flex e-con-boxed e-con e-parent\" data-id=\"dfacde0\" data-element_type=\"container\">\n\t\t\t\t\t<div class=\"e-con-inner\">\n\t\t\t\t<div class=\"elementor-element elementor-element-9f08bb3 exad-sticky-section-no exad-glass-effect-no elementor-widget elementor-widget-spacer\" data-id=\"9f08bb3\" data-element_type=\"widget\" data-widget_type=\"spacer.default\">\n\t\t\t\t<div class=\"elementor-widget-container\">\n\t\t\t\t\t\t\t<div class=\"elementor-spacer\">\n\t\t\t<div class=\"elementor-spacer-inner\"><\/div>\n\t\t<\/div>\n\t\t\t\t\t\t<\/div>\n\t\t\t\t<\/div>\n\t\t\t\t\t<\/div>\n\t\t\t\t<\/div>\n\t\t\t\t<\/div>\n\t\t","protected":false},"excerpt":{"rendered":"<p>El Hotel OKU Ibiza ha transformado la forma de entender la arquitectura en Ibiza, integrando lujo, bienestar y naturaleza en un mismo concepto. Dise\u00f1ado por MG&amp;AG Arquitectos, el proyecto combina materiales org\u00e1nicos, texturas naturales y una geometr\u00eda limpia que conecta con la luz mediterr\u00e1nea.Ubicado en Sant Antoni, el edificio se adapta a la pendiente del [&hellip;]<\/p>\n","protected":false},"author":11,"featured_media":0,"comment_status":"open","ping_status":"open","sticky":false,"template":"","format":"standard","meta":{"inline_featured_image":false,"footnotes":""},"categories":[81],"tags":[],"class_list":["post-12674","post","type-post","status-publish","format-standard","hentry","category-reportes-mgag-arquitectos"],"_links":{"self":[{"href":"https:\/\/mgagarquitectos.com\/website\/wp-json\/wp\/v2\/posts\/12674","targetHints":{"allow":["GET"]}}],"collection":[{"href":"https:\/\/mgagarquitectos.com\/website\/wp-json\/wp\/v2\/posts"}],"about":[{"href":"https:\/\/mgagarquitectos.com\/website\/wp-json\/wp\/v2\/types\/post"}],"author":[{"embeddable":true,"href":"https:\/\/mgagarquitectos.com\/website\/wp-json\/wp\/v2\/users\/11"}],"replies":[{"embeddable":true,"href":"https:\/\/mgagarquitectos.com\/website\/wp-json\/wp\/v2\/comments?post=12674"}],"version-history":[{"count":7,"href":"https:\/\/mgagarquitectos.com\/website\/wp-json\/wp\/v2\/posts\/12674\/revisions"}],"predecessor-version":[{"id":12682,"href":"https:\/\/mgagarquitectos.com\/website\/wp-json\/wp\/v2\/posts\/12674\/revisions\/12682"}],"wp:attachment":[{"href":"https:\/\/mgagarquitectos.com\/website\/wp-json\/wp\/v2\/media?parent=12674"}],"wp:term":[{"taxonomy":"category","embeddable":true,"href":"https:\/\/mgagarquitectos.com\/website\/wp-json\/wp\/v2\/categories?post=12674"},{"taxonomy":"post_tag","embeddable":true,"href":"https:\/\/mgagarquitectos.com\/website\/wp-json\/wp\/v2\/tags?post=12674"}],"curies":[{"name":"wp","href":"https:\/\/api.w.org\/{rel}","templated":true}]}}