{"id":12683,"date":"2025-11-04T08:42:38","date_gmt":"2025-11-04T07:42:38","guid":{"rendered":"https:\/\/mgagarquitectos.com\/website\/?p=12683"},"modified":"2025-11-04T08:45:13","modified_gmt":"2025-11-04T07:45:13","slug":"estudio-de-arquitectura-ibiza-mgag-arquitectos-innovacion-y-raices-mediterraneas","status":"publish","type":"post","link":"https:\/\/mgagarquitectos.com\/website\/estudio-de-arquitectura-ibiza-mgag-arquitectos-innovacion-y-raices-mediterraneas\/","title":{"rendered":"Estudio de arquitectura Ibiza MG&#038;AG Arquitectos: innovaci\u00f3n y ra\u00edces mediterr\u00e1neas."},"content":{"rendered":"\t\t<div data-elementor-type=\"wp-post\" data-elementor-id=\"12683\" class=\"elementor elementor-12683\">\n\t\t\t\t<div class=\"has_eae_slider elementor-element elementor-element-1675423f e-flex e-con-boxed e-con e-parent\" data-id=\"1675423f\" data-element_type=\"container\">\n\t\t\t\t\t<div class=\"e-con-inner\">\n\t\t\t\t<div class=\"elementor-element elementor-element-63f90416 exad-sticky-section-no exad-glass-effect-no elementor-widget elementor-widget-text-editor\" data-id=\"63f90416\" data-element_type=\"widget\" data-widget_type=\"text-editor.default\">\n\t\t\t\t<div class=\"elementor-widget-container\">\n\t\t\t\t\t\t\t\t\t<p data-start=\"2770\" data-end=\"3177\">Con m\u00e1s de cuarenta proyectos realizados entre Ibiza, \u00c1msterdam y La Habana, el <strong data-start=\"2850\" data-end=\"2901\">estudio de arquitectura Ibiza MG&amp;AG Arquitectos<\/strong> se ha consolidado como uno de los nombres m\u00e1s reconocidos en la escena arquitect\u00f3nica balear. Su trayectoria se caracteriza por la b\u00fasqueda constante de equilibrio entre innovaci\u00f3n y tradici\u00f3n, reinterpretando la esencia de la vivienda mediterr\u00e1nea para los nuevos tiempos.<\/p><p data-start=\"3179\" data-end=\"3567\">En sus obras, los <strong data-start=\"3197\" data-end=\"3221\">arquitectos en Ibiza<\/strong> Miguel Garc\u00eda Quetglas y Andr\u00e9s Garc\u00eda Castiella apuestan por una arquitectura que respira: vol\u00famenes blancos, luz natural y materiales que envejecen con belleza. Su concepto de \u201cdeconstrucci\u00f3n de la arquitectura payesa\u201d ha inspirado a toda una generaci\u00f3n de profesionales interesados en vincular la identidad local con la vanguardia est\u00e9tica.<\/p><p data-start=\"3569\" data-end=\"3936\">El trabajo de <strong data-start=\"3583\" data-end=\"3604\">MG&amp;AG Arquitectos<\/strong> es un ejemplo claro de c\u00f3mo la arquitectura puede mantener su alma mediterr\u00e1nea sin renunciar a la modernidad. Cada proyecto del estudio refleja una sensibilidad particular hacia el lugar, el clima y las personas que lo habitan, reafirmando a Ibiza como un territorio donde la arquitectura contempor\u00e1nea dialoga con la tradici\u00f3n.<\/p>\t\t\t\t\t\t\t\t<\/div>\n\t\t\t\t<\/div>\n\t\t\t\t\t<\/div>\n\t\t\t\t<\/div>\n\t\t<div class=\"has_eae_slider elementor-element elementor-element-dbe910d e-flex e-con-boxed e-con e-parent\" data-id=\"dbe910d\" data-element_type=\"container\">\n\t\t\t\t\t<div class=\"e-con-inner\">\n\t\t\t\t<div class=\"elementor-element elementor-element-f3bc8ac exad-sticky-section-no exad-glass-effect-no elementor-widget elementor-widget-image\" data-id=\"f3bc8ac\" data-element_type=\"widget\" data-widget_type=\"image.default\">\n\t\t\t\t<div class=\"elementor-widget-container\">\n\t\t\t\t\t\t\t\t\t\t\t\t\t\t\t<img fetchpriority=\"high\" decoding=\"async\" width=\"900\" height=\"578\" src=\"https:\/\/mgagarquitectos.com\/website\/wp-content\/uploads\/2025\/01\/WH-05-1024x658.jpg\" class=\"attachment-large size-large wp-image-9111\" alt=\"\" srcset=\"https:\/\/mgagarquitectos.com\/website\/wp-content\/uploads\/2025\/01\/WH-05-1024x658.jpg 1024w, https:\/\/mgagarquitectos.com\/website\/wp-content\/uploads\/2025\/01\/WH-05-300x193.jpg 300w, https:\/\/mgagarquitectos.com\/website\/wp-content\/uploads\/2025\/01\/WH-05-768x493.jpg 768w, https:\/\/mgagarquitectos.com\/website\/wp-content\/uploads\/2025\/01\/WH-05-1536x986.jpg 1536w, https:\/\/mgagarquitectos.com\/website\/wp-content\/uploads\/2025\/01\/WH-05.jpg 1797w\" sizes=\"(max-width: 900px) 100vw, 900px\" \/>\t\t\t\t\t\t\t\t\t\t\t\t\t\t\t<\/div>\n\t\t\t\t<\/div>\n\t\t\t\t\t<\/div>\n\t\t\t\t<\/div>\n\t\t<div class=\"has_eae_slider elementor-element elementor-element-dfacde0 e-flex e-con-boxed e-con e-parent\" data-id=\"dfacde0\" data-element_type=\"container\">\n\t\t\t\t\t<div class=\"e-con-inner\">\n\t\t\t\t<div class=\"elementor-element elementor-element-9f08bb3 exad-sticky-section-no exad-glass-effect-no elementor-widget elementor-widget-spacer\" data-id=\"9f08bb3\" data-element_type=\"widget\" data-widget_type=\"spacer.default\">\n\t\t\t\t<div class=\"elementor-widget-container\">\n\t\t\t\t\t\t\t<div class=\"elementor-spacer\">\n\t\t\t<div class=\"elementor-spacer-inner\"><\/div>\n\t\t<\/div>\n\t\t\t\t\t\t<\/div>\n\t\t\t\t<\/div>\n\t\t\t\t\t<\/div>\n\t\t\t\t<\/div>\n\t\t\t\t<\/div>\n\t\t","protected":false},"excerpt":{"rendered":"<p>Con m\u00e1s de cuarenta proyectos realizados entre Ibiza, \u00c1msterdam y La Habana, el estudio de arquitectura Ibiza MG&amp;AG Arquitectos se ha consolidado como uno de los nombres m\u00e1s reconocidos en la escena arquitect\u00f3nica balear. Su trayectoria se caracteriza por la b\u00fasqueda constante de equilibrio entre innovaci\u00f3n y tradici\u00f3n, reinterpretando la esencia de la vivienda mediterr\u00e1nea [&hellip;]<\/p>\n","protected":false},"author":11,"featured_media":0,"comment_status":"open","ping_status":"open","sticky":false,"template":"","format":"standard","meta":{"inline_featured_image":false,"footnotes":""},"categories":[81],"tags":[],"class_list":["post-12683","post","type-post","status-publish","format-standard","hentry","category-reportes-mgag-arquitectos"],"_links":{"self":[{"href":"https:\/\/mgagarquitectos.com\/website\/wp-json\/wp\/v2\/posts\/12683","targetHints":{"allow":["GET"]}}],"collection":[{"href":"https:\/\/mgagarquitectos.com\/website\/wp-json\/wp\/v2\/posts"}],"about":[{"href":"https:\/\/mgagarquitectos.com\/website\/wp-json\/wp\/v2\/types\/post"}],"author":[{"embeddable":true,"href":"https:\/\/mgagarquitectos.com\/website\/wp-json\/wp\/v2\/users\/11"}],"replies":[{"embeddable":true,"href":"https:\/\/mgagarquitectos.com\/website\/wp-json\/wp\/v2\/comments?post=12683"}],"version-history":[{"count":7,"href":"https:\/\/mgagarquitectos.com\/website\/wp-json\/wp\/v2\/posts\/12683\/revisions"}],"predecessor-version":[{"id":12690,"href":"https:\/\/mgagarquitectos.com\/website\/wp-json\/wp\/v2\/posts\/12683\/revisions\/12690"}],"wp:attachment":[{"href":"https:\/\/mgagarquitectos.com\/website\/wp-json\/wp\/v2\/media?parent=12683"}],"wp:term":[{"taxonomy":"category","embeddable":true,"href":"https:\/\/mgagarquitectos.com\/website\/wp-json\/wp\/v2\/categories?post=12683"},{"taxonomy":"post_tag","embeddable":true,"href":"https:\/\/mgagarquitectos.com\/website\/wp-json\/wp\/v2\/tags?post=12683"}],"curies":[{"name":"wp","href":"https:\/\/api.w.org\/{rel}","templated":true}]}}