{"id":12691,"date":"2025-11-06T10:12:56","date_gmt":"2025-11-06T09:12:56","guid":{"rendered":"https:\/\/mgagarquitectos.com\/website\/?p=12691"},"modified":"2025-11-06T10:28:23","modified_gmt":"2025-11-06T09:28:23","slug":"ibiza-arquitectura-entrevista-a-mgag-arquitectos-una-nueva-mirada-a-la-arquitectura-en-ibiza","status":"publish","type":"post","link":"https:\/\/mgagarquitectos.com\/website\/ibiza-arquitectura-entrevista-a-mgag-arquitectos-una-nueva-mirada-a-la-arquitectura-en-ibiza\/","title":{"rendered":"Ibiza arquitectura. Entrevista a MG&#038;AG Arquitectos: una nueva mirada a la arquitectura en Ibiza"},"content":{"rendered":"\t\t<div data-elementor-type=\"wp-post\" data-elementor-id=\"12691\" class=\"elementor elementor-12691\">\n\t\t\t\t<div class=\"has_eae_slider elementor-element elementor-element-1675423f e-flex e-con-boxed e-con e-parent\" data-id=\"1675423f\" data-element_type=\"container\">\n\t\t\t\t\t<div class=\"e-con-inner\">\n\t\t\t\t<div class=\"elementor-element elementor-element-63f90416 exad-sticky-section-no exad-glass-effect-no elementor-widget elementor-widget-text-editor\" data-id=\"63f90416\" data-element_type=\"widget\" data-widget_type=\"text-editor.default\">\n\t\t\t\t<div class=\"elementor-widget-container\">\n\t\t\t\t\t\t\t\t\t<p data-start=\"333\" data-end=\"709\">La arquitectura en Ibiza est\u00e1 viviendo un momento de transformaci\u00f3n, donde la tradici\u00f3n mediterr\u00e1nea se reinterpreta a trav\u00e9s de materiales naturales, geometr\u00edas puras y una conexi\u00f3n m\u00e1s directa con el entorno. En este contexto, el estudio <strong data-start=\"573\" data-end=\"594\">MG&amp;AG Arquitectos<\/strong> comparte una visi\u00f3n clara: crear espacios que respiren Ibiza en cada detalle, pero con una mirada contempor\u00e1nea.<\/p><p data-start=\"711\" data-end=\"1160\">En una reciente entrevista, los arquitectos destacan que su trabajo busca \u201crecuperar el alma de la arquitectura ibicenca, pero liber\u00e1ndola de cualquier nostalgia\u201d. En sus proyectos, la luz, las texturas y la proporci\u00f3n se convierten en protagonistas silenciosos. Cada casa, hotel o espacio p\u00fablico dise\u00f1ado por MG&amp;AG Arquitectos refleja la armon\u00eda entre el paisaje y la vida cotidiana, combinando tradici\u00f3n y modernidad con una sensibilidad \u00fanica.<\/p><p data-start=\"1162\" data-end=\"1407\">Para el estudio, el futuro de la arquitectura en Ibiza pasa por el respeto al territorio y la evoluci\u00f3n consciente del legado local. Una filosof\u00eda que no solo define su obra, sino que tambi\u00e9n inspira el nuevo rumbo de los arquitectos en Ibiza.<\/p>\t\t\t\t\t\t\t\t<\/div>\n\t\t\t\t<\/div>\n\t\t\t\t\t<\/div>\n\t\t\t\t<\/div>\n\t\t<div class=\"has_eae_slider elementor-element elementor-element-dbe910d e-flex e-con-boxed e-con e-parent\" data-id=\"dbe910d\" data-element_type=\"container\">\n\t\t\t\t\t<div class=\"e-con-inner\">\n\t\t\t\t<div class=\"elementor-element elementor-element-f3bc8ac exad-sticky-section-no exad-glass-effect-no elementor-widget elementor-widget-image\" data-id=\"f3bc8ac\" data-element_type=\"widget\" data-widget_type=\"image.default\">\n\t\t\t\t<div class=\"elementor-widget-container\">\n\t\t\t\t\t\t\t\t\t\t\t\t\t\t\t<img fetchpriority=\"high\" decoding=\"async\" width=\"900\" height=\"603\" src=\"https:\/\/mgagarquitectos.com\/website\/wp-content\/uploads\/2025\/01\/10-9-1024x686.jpg\" class=\"attachment-large size-large wp-image-9199\" alt=\"\" srcset=\"https:\/\/mgagarquitectos.com\/website\/wp-content\/uploads\/2025\/01\/10-9-1024x686.jpg 1024w, https:\/\/mgagarquitectos.com\/website\/wp-content\/uploads\/2025\/01\/10-9-300x201.jpg 300w, https:\/\/mgagarquitectos.com\/website\/wp-content\/uploads\/2025\/01\/10-9-768x515.jpg 768w, https:\/\/mgagarquitectos.com\/website\/wp-content\/uploads\/2025\/01\/10-9-1536x1029.jpg 1536w, https:\/\/mgagarquitectos.com\/website\/wp-content\/uploads\/2025\/01\/10-9-2048x1372.jpg 2048w\" sizes=\"(max-width: 900px) 100vw, 900px\" \/>\t\t\t\t\t\t\t\t\t\t\t\t\t\t\t<\/div>\n\t\t\t\t<\/div>\n\t\t\t\t\t<\/div>\n\t\t\t\t<\/div>\n\t\t<div class=\"has_eae_slider elementor-element elementor-element-dfacde0 e-flex e-con-boxed e-con e-parent\" data-id=\"dfacde0\" data-element_type=\"container\">\n\t\t\t\t\t<div class=\"e-con-inner\">\n\t\t\t\t<div class=\"elementor-element elementor-element-9f08bb3 exad-sticky-section-no exad-glass-effect-no elementor-widget elementor-widget-spacer\" data-id=\"9f08bb3\" data-element_type=\"widget\" data-widget_type=\"spacer.default\">\n\t\t\t\t<div class=\"elementor-widget-container\">\n\t\t\t\t\t\t\t<div class=\"elementor-spacer\">\n\t\t\t<div class=\"elementor-spacer-inner\"><\/div>\n\t\t<\/div>\n\t\t\t\t\t\t<\/div>\n\t\t\t\t<\/div>\n\t\t\t\t\t<\/div>\n\t\t\t\t<\/div>\n\t\t\t\t<\/div>\n\t\t","protected":false},"excerpt":{"rendered":"<p>La arquitectura en Ibiza est\u00e1 viviendo un momento de transformaci\u00f3n, donde la tradici\u00f3n mediterr\u00e1nea se reinterpreta a trav\u00e9s de materiales naturales, geometr\u00edas puras y una conexi\u00f3n m\u00e1s directa con el entorno. En este contexto, el estudio MG&amp;AG Arquitectos comparte una visi\u00f3n clara: crear espacios que respiren Ibiza en cada detalle, pero con una mirada contempor\u00e1nea.En [&hellip;]<\/p>\n","protected":false},"author":11,"featured_media":0,"comment_status":"open","ping_status":"open","sticky":false,"template":"","format":"standard","meta":{"inline_featured_image":false,"footnotes":""},"categories":[81],"tags":[],"class_list":["post-12691","post","type-post","status-publish","format-standard","hentry","category-reportes-mgag-arquitectos"],"_links":{"self":[{"href":"https:\/\/mgagarquitectos.com\/website\/wp-json\/wp\/v2\/posts\/12691","targetHints":{"allow":["GET"]}}],"collection":[{"href":"https:\/\/mgagarquitectos.com\/website\/wp-json\/wp\/v2\/posts"}],"about":[{"href":"https:\/\/mgagarquitectos.com\/website\/wp-json\/wp\/v2\/types\/post"}],"author":[{"embeddable":true,"href":"https:\/\/mgagarquitectos.com\/website\/wp-json\/wp\/v2\/users\/11"}],"replies":[{"embeddable":true,"href":"https:\/\/mgagarquitectos.com\/website\/wp-json\/wp\/v2\/comments?post=12691"}],"version-history":[{"count":7,"href":"https:\/\/mgagarquitectos.com\/website\/wp-json\/wp\/v2\/posts\/12691\/revisions"}],"predecessor-version":[{"id":12698,"href":"https:\/\/mgagarquitectos.com\/website\/wp-json\/wp\/v2\/posts\/12691\/revisions\/12698"}],"wp:attachment":[{"href":"https:\/\/mgagarquitectos.com\/website\/wp-json\/wp\/v2\/media?parent=12691"}],"wp:term":[{"taxonomy":"category","embeddable":true,"href":"https:\/\/mgagarquitectos.com\/website\/wp-json\/wp\/v2\/categories?post=12691"},{"taxonomy":"post_tag","embeddable":true,"href":"https:\/\/mgagarquitectos.com\/website\/wp-json\/wp\/v2\/tags?post=12691"}],"curies":[{"name":"wp","href":"https:\/\/api.w.org\/{rel}","templated":true}]}}