{"id":12708,"date":"2025-11-18T18:07:11","date_gmt":"2025-11-18T17:07:11","guid":{"rendered":"https:\/\/mgagarquitectos.com\/website\/?p=12708"},"modified":"2025-11-18T18:09:09","modified_gmt":"2025-11-18T17:09:09","slug":"mgag-arquitectos-trayectoria-y-filosofia-de-un-estudio-en-constante-dialogo-con-ibiza","status":"publish","type":"post","link":"https:\/\/mgagarquitectos.com\/website\/mgag-arquitectos-trayectoria-y-filosofia-de-un-estudio-en-constante-dialogo-con-ibiza\/","title":{"rendered":"MG&#038;AG Arquitectos: trayectoria y filosof\u00eda de un estudio en constante di\u00e1logo con Ibiza"},"content":{"rendered":"\t\t<div data-elementor-type=\"wp-post\" data-elementor-id=\"12708\" class=\"elementor elementor-12708\">\n\t\t\t\t<div class=\"has_eae_slider elementor-element elementor-element-1675423f e-flex e-con-boxed e-con e-parent\" data-id=\"1675423f\" data-element_type=\"container\">\n\t\t\t\t\t<div class=\"e-con-inner\">\n\t\t\t\t<div class=\"elementor-element elementor-element-63f90416 exad-sticky-section-no exad-glass-effect-no elementor-widget elementor-widget-text-editor\" data-id=\"63f90416\" data-element_type=\"widget\" data-widget_type=\"text-editor.default\">\n\t\t\t\t<div class=\"elementor-widget-container\">\n\t\t\t\t\t\t\t\t\t<p data-start=\"2525\" data-end=\"2842\">Con una trayectoria marcada por proyectos residenciales, hoteleros y urban\u00edsticos, <strong data-start=\"2608\" data-end=\"2629\">MG&amp;AG Arquitectos<\/strong> se ha consolidado como uno de los estudios m\u00e1s reconocidos en la arquitectura en Ibiza. Su obra combina precisi\u00f3n t\u00e9cnica y sensibilidad local, buscando siempre un equilibrio entre tradici\u00f3n y contemporaneidad.<\/p><p data-start=\"2844\" data-end=\"3175\">El estudio entiende la arquitectura como una respuesta directa al lugar. En Ibiza, esto significa trabajar con la escala humana, los materiales nobles y una lectura profunda del paisaje mediterr\u00e1neo. Cada proyecto se concibe como una extensi\u00f3n natural del entorno, donde la simplicidad se convierte en una forma de sofisticaci\u00f3n.<\/p><p data-start=\"3177\" data-end=\"3441\">La filosof\u00eda de MG&amp;AG Arquitectos parte de un principio claro: dise\u00f1ar espacios habitables que perduren en el tiempo y respeten la identidad de la isla. Su trabajo no solo define la nueva arquitectura en Ibiza, sino que tambi\u00e9n contribuye a preservar su esencia.<\/p>\t\t\t\t\t\t\t\t<\/div>\n\t\t\t\t<\/div>\n\t\t\t\t\t<\/div>\n\t\t\t\t<\/div>\n\t\t<div class=\"has_eae_slider elementor-element elementor-element-dbe910d e-flex e-con-boxed e-con e-parent\" data-id=\"dbe910d\" data-element_type=\"container\">\n\t\t\t\t\t<div class=\"e-con-inner\">\n\t\t\t\t<div class=\"elementor-element elementor-element-f3bc8ac exad-sticky-section-no exad-glass-effect-no elementor-widget elementor-widget-image\" data-id=\"f3bc8ac\" data-element_type=\"widget\" data-widget_type=\"image.default\">\n\t\t\t\t<div class=\"elementor-widget-container\">\n\t\t\t\t\t\t\t\t\t\t\t\t\t\t\t<img fetchpriority=\"high\" decoding=\"async\" width=\"900\" height=\"675\" src=\"https:\/\/mgagarquitectos.com\/website\/wp-content\/uploads\/2025\/03\/Imagen-de-WhatsApp-2025-03-26-a-las-17.35.02_9003f6d2-1024x768.jpg\" class=\"attachment-large size-large wp-image-11336\" alt=\"\" srcset=\"https:\/\/mgagarquitectos.com\/website\/wp-content\/uploads\/2025\/03\/Imagen-de-WhatsApp-2025-03-26-a-las-17.35.02_9003f6d2-1024x768.jpg 1024w, https:\/\/mgagarquitectos.com\/website\/wp-content\/uploads\/2025\/03\/Imagen-de-WhatsApp-2025-03-26-a-las-17.35.02_9003f6d2-300x225.jpg 300w, https:\/\/mgagarquitectos.com\/website\/wp-content\/uploads\/2025\/03\/Imagen-de-WhatsApp-2025-03-26-a-las-17.35.02_9003f6d2-768x576.jpg 768w, https:\/\/mgagarquitectos.com\/website\/wp-content\/uploads\/2025\/03\/Imagen-de-WhatsApp-2025-03-26-a-las-17.35.02_9003f6d2-1536x1152.jpg 1536w, https:\/\/mgagarquitectos.com\/website\/wp-content\/uploads\/2025\/03\/Imagen-de-WhatsApp-2025-03-26-a-las-17.35.02_9003f6d2.jpg 2048w\" sizes=\"(max-width: 900px) 100vw, 900px\" \/>\t\t\t\t\t\t\t\t\t\t\t\t\t\t\t<\/div>\n\t\t\t\t<\/div>\n\t\t\t\t\t<\/div>\n\t\t\t\t<\/div>\n\t\t<div class=\"has_eae_slider elementor-element elementor-element-dfacde0 e-flex e-con-boxed e-con e-parent\" data-id=\"dfacde0\" data-element_type=\"container\">\n\t\t\t\t\t<div class=\"e-con-inner\">\n\t\t\t\t<div class=\"elementor-element elementor-element-9f08bb3 exad-sticky-section-no exad-glass-effect-no elementor-widget elementor-widget-spacer\" data-id=\"9f08bb3\" data-element_type=\"widget\" data-widget_type=\"spacer.default\">\n\t\t\t\t<div class=\"elementor-widget-container\">\n\t\t\t\t\t\t\t<div class=\"elementor-spacer\">\n\t\t\t<div class=\"elementor-spacer-inner\"><\/div>\n\t\t<\/div>\n\t\t\t\t\t\t<\/div>\n\t\t\t\t<\/div>\n\t\t\t\t\t<\/div>\n\t\t\t\t<\/div>\n\t\t\t\t<\/div>\n\t\t","protected":false},"excerpt":{"rendered":"<p>Con una trayectoria marcada por proyectos residenciales, hoteleros y urban\u00edsticos, MG&amp;AG Arquitectos se ha consolidado como uno de los estudios m\u00e1s reconocidos en la arquitectura en Ibiza. Su obra combina precisi\u00f3n t\u00e9cnica y sensibilidad local, buscando siempre un equilibrio entre tradici\u00f3n y contemporaneidad.El estudio entiende la arquitectura como una respuesta directa al lugar. En Ibiza, [&hellip;]<\/p>\n","protected":false},"author":11,"featured_media":0,"comment_status":"open","ping_status":"open","sticky":false,"template":"","format":"standard","meta":{"inline_featured_image":false,"footnotes":""},"categories":[81],"tags":[],"class_list":["post-12708","post","type-post","status-publish","format-standard","hentry","category-reportes-mgag-arquitectos"],"_links":{"self":[{"href":"https:\/\/mgagarquitectos.com\/website\/wp-json\/wp\/v2\/posts\/12708","targetHints":{"allow":["GET"]}}],"collection":[{"href":"https:\/\/mgagarquitectos.com\/website\/wp-json\/wp\/v2\/posts"}],"about":[{"href":"https:\/\/mgagarquitectos.com\/website\/wp-json\/wp\/v2\/types\/post"}],"author":[{"embeddable":true,"href":"https:\/\/mgagarquitectos.com\/website\/wp-json\/wp\/v2\/users\/11"}],"replies":[{"embeddable":true,"href":"https:\/\/mgagarquitectos.com\/website\/wp-json\/wp\/v2\/comments?post=12708"}],"version-history":[{"count":7,"href":"https:\/\/mgagarquitectos.com\/website\/wp-json\/wp\/v2\/posts\/12708\/revisions"}],"predecessor-version":[{"id":12715,"href":"https:\/\/mgagarquitectos.com\/website\/wp-json\/wp\/v2\/posts\/12708\/revisions\/12715"}],"wp:attachment":[{"href":"https:\/\/mgagarquitectos.com\/website\/wp-json\/wp\/v2\/media?parent=12708"}],"wp:term":[{"taxonomy":"category","embeddable":true,"href":"https:\/\/mgagarquitectos.com\/website\/wp-json\/wp\/v2\/categories?post=12708"},{"taxonomy":"post_tag","embeddable":true,"href":"https:\/\/mgagarquitectos.com\/website\/wp-json\/wp\/v2\/tags?post=12708"}],"curies":[{"name":"wp","href":"https:\/\/api.w.org\/{rel}","templated":true}]}}