{"id":12716,"date":"2025-11-18T18:10:29","date_gmt":"2025-11-18T17:10:29","guid":{"rendered":"https:\/\/mgagarquitectos.com\/website\/?p=12716"},"modified":"2025-11-18T18:12:02","modified_gmt":"2025-11-18T17:12:02","slug":"conversacion-con-los-arquitectos-que-estan-redefiniendo-la-identidad-constructiva-de-la-isla-entrevista-a-los-socios-de-mgag-arquitectos","status":"publish","type":"post","link":"https:\/\/mgagarquitectos.com\/website\/conversacion-con-los-arquitectos-que-estan-redefiniendo-la-identidad-constructiva-de-la-isla-entrevista-a-los-socios-de-mgag-arquitectos\/","title":{"rendered":"\u201cConversaci\u00f3n con los arquitectos que est\u00e1n redefiniendo la identidad constructiva de la isla: entrevista a los socios de Mgag arquitectos\u201d"},"content":{"rendered":"\t\t<div data-elementor-type=\"wp-post\" data-elementor-id=\"12716\" class=\"elementor elementor-12716\">\n\t\t\t\t<div class=\"has_eae_slider elementor-element elementor-element-1675423f e-flex e-con-boxed e-con e-parent\" data-id=\"1675423f\" data-element_type=\"container\">\n\t\t\t\t\t<div class=\"e-con-inner\">\n\t\t\t\t<div class=\"elementor-element elementor-element-63f90416 exad-sticky-section-no exad-glass-effect-no elementor-widget elementor-widget-text-editor\" data-id=\"63f90416\" data-element_type=\"widget\" data-widget_type=\"text-editor.default\">\n\t\t\t\t<div class=\"elementor-widget-container\">\n\t\t\t\t\t\t\t\t\t<p data-start=\"578\" data-end=\"976\">Hablar con los socios de <strong data-start=\"603\" data-end=\"623\">Mgag arquitectos<\/strong> es adentrarse en la manera en que la arquitectura contempor\u00e1nea puede convivir en equilibrio con la esencia mediterr\u00e1nea. Como <strong data-start=\"751\" data-end=\"772\">arquitectos Ibiza<\/strong> con una larga trayectoria en proyectos residenciales y hoteleros, su visi\u00f3n se ha consolidado como una referencia entre quienes buscan un dise\u00f1o preciso, sensible y adaptado al clima y la luz de la isla.<\/p><p data-start=\"978\" data-end=\"1338\">Durante la entrevista, el equipo del <strong data-start=\"1015\" data-end=\"1048\">estudio de arquitectura Ibiza<\/strong>, formado por profesionales con perfiles complementarios, explica que su filosof\u00eda parte siempre del lugar. \u201cIbiza es un territorio que exige respeto\u201d, se\u00f1alan. \u201cSu historia, su paisaje y su ritmo influyen directamente en c\u00f3mo proyectamos. No se trata solo de dise\u00f1ar, sino de interpretar\u201d.<\/p><p data-start=\"1340\" data-end=\"1633\">Uno de los socios de <strong data-start=\"1361\" data-end=\"1387\">Ibiza arquitectos Mgag<\/strong> destaca que cada proyecto comienza con una inmersi\u00f3n profunda en el emplazamiento. \u201cNos interesan la topograf\u00eda, los vientos, la orientaci\u00f3n y la vegetaci\u00f3n existente. Para nosotros, la sostenibilidad no es una etiqueta: es una responsabilidad.\u201d<\/p><p data-start=\"1635\" data-end=\"1989\">A lo largo de la conversaci\u00f3n, tambi\u00e9n subrayan que el cliente forma parte activa del proceso creativo. \u201cUn proyecto es exitoso cuando finaliza siendo m\u00e1s de lo que el cliente imaginaba\u201d, explica el equipo. La metodolog\u00eda de <strong data-start=\"1860\" data-end=\"1880\">Mgag arquitectos<\/strong> se apoya en presentaciones claras, modelado 3D avanzado y un acompa\u00f1amiento continuo hasta la entrega final.<\/p><p data-start=\"1991\" data-end=\"2350\">La entrevista concluye con una reflexi\u00f3n sobre el futuro de la arquitectura en Ibiza. \u201cLa isla est\u00e1 entrando en una nueva etapa\u201d, afirman. \u201cHay una demanda creciente de calidad, autenticidad y eficiencia energ\u00e9tica. Nuestro compromiso como <strong data-start=\"2231\" data-end=\"2252\">arquitectos Ibiza<\/strong> es seguir elevando ese est\u00e1ndar, manteniendo siempre la identidad que hace \u00fanico construir aqu\u00ed.\u201d<\/p><p data-start=\"2352\" data-end=\"2559\">Con una visi\u00f3n madura y una sensibilidad profundamente ligada al territorio, <strong data-start=\"2429\" data-end=\"2449\">Mgag arquitectos<\/strong> contin\u00faa consolid\u00e1ndose como uno de los estudios m\u00e1s influyentes en la arquitectura contempor\u00e1nea de la isla.<\/p>\t\t\t\t\t\t\t\t<\/div>\n\t\t\t\t<\/div>\n\t\t\t\t\t<\/div>\n\t\t\t\t<\/div>\n\t\t<div class=\"has_eae_slider elementor-element elementor-element-dbe910d e-flex e-con-boxed e-con e-parent\" data-id=\"dbe910d\" data-element_type=\"container\">\n\t\t\t\t\t<div class=\"e-con-inner\">\n\t\t\t\t<div class=\"elementor-element elementor-element-f3bc8ac exad-sticky-section-no exad-glass-effect-no elementor-widget elementor-widget-image\" data-id=\"f3bc8ac\" data-element_type=\"widget\" data-widget_type=\"image.default\">\n\t\t\t\t<div class=\"elementor-widget-container\">\n\t\t\t\t\t\t\t\t\t\t\t\t\t\t\t<img fetchpriority=\"high\" decoding=\"async\" width=\"900\" height=\"600\" src=\"https:\/\/mgagarquitectos.com\/website\/wp-content\/uploads\/2025\/07\/17-1024x683.jpg\" class=\"attachment-large size-large wp-image-11704\" alt=\"\" srcset=\"https:\/\/mgagarquitectos.com\/website\/wp-content\/uploads\/2025\/07\/17-1024x683.jpg 1024w, https:\/\/mgagarquitectos.com\/website\/wp-content\/uploads\/2025\/07\/17-300x200.jpg 300w, https:\/\/mgagarquitectos.com\/website\/wp-content\/uploads\/2025\/07\/17-768x512.jpg 768w, https:\/\/mgagarquitectos.com\/website\/wp-content\/uploads\/2025\/07\/17-1536x1024.jpg 1536w, https:\/\/mgagarquitectos.com\/website\/wp-content\/uploads\/2025\/07\/17-2048x1365.jpg 2048w\" sizes=\"(max-width: 900px) 100vw, 900px\" \/>\t\t\t\t\t\t\t\t\t\t\t\t\t\t\t<\/div>\n\t\t\t\t<\/div>\n\t\t\t\t\t<\/div>\n\t\t\t\t<\/div>\n\t\t<div class=\"has_eae_slider elementor-element elementor-element-dfacde0 e-flex e-con-boxed e-con e-parent\" data-id=\"dfacde0\" data-element_type=\"container\">\n\t\t\t\t\t<div class=\"e-con-inner\">\n\t\t\t\t<div class=\"elementor-element elementor-element-9f08bb3 exad-sticky-section-no exad-glass-effect-no elementor-widget elementor-widget-spacer\" data-id=\"9f08bb3\" data-element_type=\"widget\" data-widget_type=\"spacer.default\">\n\t\t\t\t<div class=\"elementor-widget-container\">\n\t\t\t\t\t\t\t<div class=\"elementor-spacer\">\n\t\t\t<div class=\"elementor-spacer-inner\"><\/div>\n\t\t<\/div>\n\t\t\t\t\t\t<\/div>\n\t\t\t\t<\/div>\n\t\t\t\t\t<\/div>\n\t\t\t\t<\/div>\n\t\t\t\t<\/div>\n\t\t","protected":false},"excerpt":{"rendered":"<p>Hablar con los socios de Mgag arquitectos es adentrarse en la manera en que la arquitectura contempor\u00e1nea puede convivir en equilibrio con la esencia mediterr\u00e1nea. Como arquitectos Ibiza con una larga trayectoria en proyectos residenciales y hoteleros, su visi\u00f3n se ha consolidado como una referencia entre quienes buscan un dise\u00f1o preciso, sensible y adaptado al [&hellip;]<\/p>\n","protected":false},"author":11,"featured_media":0,"comment_status":"open","ping_status":"open","sticky":false,"template":"","format":"standard","meta":{"inline_featured_image":false,"footnotes":""},"categories":[81],"tags":[],"class_list":["post-12716","post","type-post","status-publish","format-standard","hentry","category-reportes-mgag-arquitectos"],"_links":{"self":[{"href":"https:\/\/mgagarquitectos.com\/website\/wp-json\/wp\/v2\/posts\/12716","targetHints":{"allow":["GET"]}}],"collection":[{"href":"https:\/\/mgagarquitectos.com\/website\/wp-json\/wp\/v2\/posts"}],"about":[{"href":"https:\/\/mgagarquitectos.com\/website\/wp-json\/wp\/v2\/types\/post"}],"author":[{"embeddable":true,"href":"https:\/\/mgagarquitectos.com\/website\/wp-json\/wp\/v2\/users\/11"}],"replies":[{"embeddable":true,"href":"https:\/\/mgagarquitectos.com\/website\/wp-json\/wp\/v2\/comments?post=12716"}],"version-history":[{"count":7,"href":"https:\/\/mgagarquitectos.com\/website\/wp-json\/wp\/v2\/posts\/12716\/revisions"}],"predecessor-version":[{"id":12723,"href":"https:\/\/mgagarquitectos.com\/website\/wp-json\/wp\/v2\/posts\/12716\/revisions\/12723"}],"wp:attachment":[{"href":"https:\/\/mgagarquitectos.com\/website\/wp-json\/wp\/v2\/media?parent=12716"}],"wp:term":[{"taxonomy":"category","embeddable":true,"href":"https:\/\/mgagarquitectos.com\/website\/wp-json\/wp\/v2\/categories?post=12716"},{"taxonomy":"post_tag","embeddable":true,"href":"https:\/\/mgagarquitectos.com\/website\/wp-json\/wp\/v2\/tags?post=12716"}],"curies":[{"name":"wp","href":"https:\/\/api.w.org\/{rel}","templated":true}]}}