{"id":12831,"date":"2025-11-19T18:13:07","date_gmt":"2025-11-19T17:13:07","guid":{"rendered":"https:\/\/mgagarquitectos.com\/website\/?p=12831"},"modified":"2025-11-19T18:15:09","modified_gmt":"2025-11-19T17:15:09","slug":"arquitectura-ibiza-ibiza-impulsa-nuevas-directrices-para-integrar-arquitectura-contemporanea-y-paisaje","status":"publish","type":"post","link":"https:\/\/mgagarquitectos.com\/website\/arquitectura-ibiza-ibiza-impulsa-nuevas-directrices-para-integrar-arquitectura-contemporanea-y-paisaje\/","title":{"rendered":"Arquitectura Ibiza. Ibiza impulsa nuevas directrices para integrar arquitectura contempor\u00e1nea y paisaje"},"content":{"rendered":"\t\t<div data-elementor-type=\"wp-post\" data-elementor-id=\"12831\" class=\"elementor elementor-12831\">\n\t\t\t\t<div class=\"has_eae_slider elementor-element elementor-element-1675423f e-flex e-con-boxed e-con e-parent\" data-id=\"1675423f\" data-element_type=\"container\">\n\t\t\t\t\t<div class=\"e-con-inner\">\n\t\t\t\t<div class=\"elementor-element elementor-element-63f90416 exad-sticky-section-no exad-glass-effect-no elementor-widget elementor-widget-text-editor\" data-id=\"63f90416\" data-element_type=\"widget\" data-widget_type=\"text-editor.default\">\n\t\t\t\t<div class=\"elementor-widget-container\">\n\t\t\t\t\t\t\t\t\t<p data-start=\"348\" data-end=\"776\">La reciente actualizaci\u00f3n de las directrices urban\u00edsticas en Ibiza ha abierto un nuevo debate entre profesionales del sector sobre c\u00f3mo debe evolucionar la arquitectura contempor\u00e1nea sin perder la esencia del paisaje mediterr\u00e1neo. El objetivo de estas medidas es garantizar que las nuevas edificaciones \u2014especialmente viviendas unifamiliares y proyectos hoteleros\u2014 mantengan una relaci\u00f3n m\u00e1s respetuosa con el entorno inmediato.<\/p><p data-start=\"778\" data-end=\"1162\">El ajuste normativo pone el foco en aspectos como el uso de materiales naturales, la integraci\u00f3n de vol\u00famenes escalonados y la promoci\u00f3n de cubiertas que minimicen el impacto visual en zonas rurales y de ladera. Estas medidas son especialmente relevantes en municipios como Santa Eul\u00e0ria, Sant Josep y Sant Joan, donde la presi\u00f3n urban\u00edstica convive con \u00e1reas de alto valor ambiental.<\/p><p data-start=\"1164\" data-end=\"1724\">Diversos estudios locales destacan que las nuevas directrices ayudan a profesionalizar a\u00fan m\u00e1s el sector, exigiendo mayor precisi\u00f3n en los estudios previos, an\u00e1lisis topogr\u00e1ficos detallados y soluciones t\u00e9cnicas que respondan a la orograf\u00eda insular. Entre los equipos que han trabajado recientemente con criterios similares se encuentra <strong data-start=\"1501\" data-end=\"1521\">Mgag Arquitectos<\/strong>, que en sus \u00faltimos proyectos ha apostado por una arquitectura en Ibiza basada en la eficiencia energ\u00e9tica, la adaptaci\u00f3n formal al paisaje y la reinterpretaci\u00f3n contempor\u00e1nea del lenguaje mediterr\u00e1neo.<\/p><p data-start=\"1726\" data-end=\"2133\">La actualizaci\u00f3n normativa tambi\u00e9n promueve la implantaci\u00f3n de estrategias pasivas \u2014ventilaci\u00f3n cruzada, orientaci\u00f3n adecuada y protecci\u00f3n solar mediante porches y celos\u00edas\u2014 que hist\u00f3ricamente han formado parte de la arquitectura tradicional ibicenca. Para muchos arquitectos en Ibiza, esta evoluci\u00f3n supone una oportunidad para unir tradici\u00f3n y dise\u00f1o actual en obras que dialoguen mejor con la naturaleza.<\/p><p data-start=\"2135\" data-end=\"2435\">A medida que estas medidas se consolidan, se espera que la isla contin\u00fae avanzando hacia un modelo arquitect\u00f3nico m\u00e1s coherente con su identidad y sus valores paisaj\u00edsticos, reforzando la idea de que la sostenibilidad ya no es una opci\u00f3n, sino un requisito imprescindible en el futuro del territorio.<\/p>\t\t\t\t\t\t\t\t<\/div>\n\t\t\t\t<\/div>\n\t\t\t\t\t<\/div>\n\t\t\t\t<\/div>\n\t\t<div class=\"has_eae_slider elementor-element elementor-element-dbe910d e-flex e-con-boxed e-con e-parent\" data-id=\"dbe910d\" data-element_type=\"container\">\n\t\t\t\t\t<div class=\"e-con-inner\">\n\t\t\t\t<div class=\"elementor-element elementor-element-f3bc8ac exad-sticky-section-no exad-glass-effect-no elementor-widget elementor-widget-image\" data-id=\"f3bc8ac\" data-element_type=\"widget\" data-widget_type=\"image.default\">\n\t\t\t\t<div class=\"elementor-widget-container\">\n\t\t\t\t\t\t\t\t\t\t\t\t\t\t\t<img fetchpriority=\"high\" decoding=\"async\" width=\"900\" height=\"675\" src=\"https:\/\/mgagarquitectos.com\/website\/wp-content\/uploads\/2025\/11\/Imagen-de-WhatsApp-2025-11-18-a-las-19.33.11_e2a669ed-1024x768.jpg\" class=\"attachment-large size-large wp-image-12821\" alt=\"\" srcset=\"https:\/\/mgagarquitectos.com\/website\/wp-content\/uploads\/2025\/11\/Imagen-de-WhatsApp-2025-11-18-a-las-19.33.11_e2a669ed-1024x768.jpg 1024w, https:\/\/mgagarquitectos.com\/website\/wp-content\/uploads\/2025\/11\/Imagen-de-WhatsApp-2025-11-18-a-las-19.33.11_e2a669ed-300x225.jpg 300w, https:\/\/mgagarquitectos.com\/website\/wp-content\/uploads\/2025\/11\/Imagen-de-WhatsApp-2025-11-18-a-las-19.33.11_e2a669ed-768x576.jpg 768w, https:\/\/mgagarquitectos.com\/website\/wp-content\/uploads\/2025\/11\/Imagen-de-WhatsApp-2025-11-18-a-las-19.33.11_e2a669ed-1536x1152.jpg 1536w, https:\/\/mgagarquitectos.com\/website\/wp-content\/uploads\/2025\/11\/Imagen-de-WhatsApp-2025-11-18-a-las-19.33.11_e2a669ed.jpg 1600w\" sizes=\"(max-width: 900px) 100vw, 900px\" \/>\t\t\t\t\t\t\t\t\t\t\t\t\t\t\t<\/div>\n\t\t\t\t<\/div>\n\t\t\t\t\t<\/div>\n\t\t\t\t<\/div>\n\t\t<div class=\"has_eae_slider elementor-element elementor-element-dfacde0 e-flex e-con-boxed e-con e-parent\" data-id=\"dfacde0\" data-element_type=\"container\">\n\t\t\t\t\t<div class=\"e-con-inner\">\n\t\t\t\t<div class=\"elementor-element elementor-element-9f08bb3 exad-sticky-section-no exad-glass-effect-no elementor-widget elementor-widget-spacer\" data-id=\"9f08bb3\" data-element_type=\"widget\" data-widget_type=\"spacer.default\">\n\t\t\t\t<div class=\"elementor-widget-container\">\n\t\t\t\t\t\t\t<div class=\"elementor-spacer\">\n\t\t\t<div class=\"elementor-spacer-inner\"><\/div>\n\t\t<\/div>\n\t\t\t\t\t\t<\/div>\n\t\t\t\t<\/div>\n\t\t\t\t\t<\/div>\n\t\t\t\t<\/div>\n\t\t\t\t<\/div>\n\t\t","protected":false},"excerpt":{"rendered":"<p>La reciente actualizaci\u00f3n de las directrices urban\u00edsticas en Ibiza ha abierto un nuevo debate entre profesionales del sector sobre c\u00f3mo debe evolucionar la arquitectura contempor\u00e1nea sin perder la esencia del paisaje mediterr\u00e1neo. El objetivo de estas medidas es garantizar que las nuevas edificaciones \u2014especialmente viviendas unifamiliares y proyectos hoteleros\u2014 mantengan una relaci\u00f3n m\u00e1s respetuosa con [&hellip;]<\/p>\n","protected":false},"author":11,"featured_media":0,"comment_status":"open","ping_status":"open","sticky":false,"template":"","format":"standard","meta":{"inline_featured_image":false,"footnotes":""},"categories":[81],"tags":[],"class_list":["post-12831","post","type-post","status-publish","format-standard","hentry","category-reportes-mgag-arquitectos"],"_links":{"self":[{"href":"https:\/\/mgagarquitectos.com\/website\/wp-json\/wp\/v2\/posts\/12831","targetHints":{"allow":["GET"]}}],"collection":[{"href":"https:\/\/mgagarquitectos.com\/website\/wp-json\/wp\/v2\/posts"}],"about":[{"href":"https:\/\/mgagarquitectos.com\/website\/wp-json\/wp\/v2\/types\/post"}],"author":[{"embeddable":true,"href":"https:\/\/mgagarquitectos.com\/website\/wp-json\/wp\/v2\/users\/11"}],"replies":[{"embeddable":true,"href":"https:\/\/mgagarquitectos.com\/website\/wp-json\/wp\/v2\/comments?post=12831"}],"version-history":[{"count":7,"href":"https:\/\/mgagarquitectos.com\/website\/wp-json\/wp\/v2\/posts\/12831\/revisions"}],"predecessor-version":[{"id":12838,"href":"https:\/\/mgagarquitectos.com\/website\/wp-json\/wp\/v2\/posts\/12831\/revisions\/12838"}],"wp:attachment":[{"href":"https:\/\/mgagarquitectos.com\/website\/wp-json\/wp\/v2\/media?parent=12831"}],"wp:term":[{"taxonomy":"category","embeddable":true,"href":"https:\/\/mgagarquitectos.com\/website\/wp-json\/wp\/v2\/categories?post=12831"},{"taxonomy":"post_tag","embeddable":true,"href":"https:\/\/mgagarquitectos.com\/website\/wp-json\/wp\/v2\/tags?post=12831"}],"curies":[{"name":"wp","href":"https:\/\/api.w.org\/{rel}","templated":true}]}}