{"id":12839,"date":"2025-11-25T11:31:23","date_gmt":"2025-11-25T10:31:23","guid":{"rendered":"https:\/\/mgagarquitectos.com\/website\/?p=12839"},"modified":"2025-11-25T11:34:14","modified_gmt":"2025-11-25T10:34:14","slug":"ibiza-arquitectura-epicentro-del-nuevo-diseno-bioclimatico-en-el-mediterraneo","status":"publish","type":"post","link":"https:\/\/mgagarquitectos.com\/website\/ibiza-arquitectura-epicentro-del-nuevo-diseno-bioclimatico-en-el-mediterraneo\/","title":{"rendered":"Ibiza arquitectura. Epicentro del nuevo dise\u00f1o bioclim\u00e1tico en el Mediterr\u00e1neo."},"content":{"rendered":"\t\t<div data-elementor-type=\"wp-post\" data-elementor-id=\"12839\" class=\"elementor elementor-12839\">\n\t\t\t\t<div class=\"has_eae_slider elementor-element elementor-element-1675423f e-flex e-con-boxed e-con e-parent\" data-id=\"1675423f\" data-element_type=\"container\">\n\t\t\t\t\t<div class=\"e-con-inner\">\n\t\t\t\t<div class=\"elementor-element elementor-element-63f90416 exad-sticky-section-no exad-glass-effect-no elementor-widget elementor-widget-text-editor\" data-id=\"63f90416\" data-element_type=\"widget\" data-widget_type=\"text-editor.default\">\n\t\t\t\t<div class=\"elementor-widget-container\">\n\t\t\t\t\t\t\t\t\t<p data-start=\"340\" data-end=\"788\">Ibiza est\u00e1 viviendo un momento determinante en materia de arquitectura sostenible. Lo que hace apenas una d\u00e9cada eran iniciativas puntuales, hoy se ha convertido en una tendencia s\u00f3lida: los proyectos residenciales y hoteleros priorizan la eficiencia energ\u00e9tica, el aprovechamiento del clima y la reducci\u00f3n del impacto ambiental. Este cambio, que se observa en toda la isla, est\u00e1 impulsando una manera distinta de entender el dise\u00f1o y el urbanismo.<\/p><p data-start=\"790\" data-end=\"1258\">Uno de los avances m\u00e1s relevantes es la integraci\u00f3n natural de estrategias bioclim\u00e1ticas que antes solo aparec\u00edan en proyectos experimentales. Ventilaciones cruzadas adaptadas al viento dominante, patios calibrados para generar microclimas, cubiertas ventiladas y fachadas con sombras profundas est\u00e1n recuperando principios tradicionales de la arquitectura ibicenca \u2014basados en la compacidad y la protecci\u00f3n solar\u2014 y reinterpret\u00e1ndolos desde par\u00e1metros contempor\u00e1neos.<\/p><p data-start=\"1260\" data-end=\"1642\">En este contexto, <em data-start=\"1278\" data-end=\"1296\">Mgag Arquitectos<\/em> ha sido citado en diversos foros t\u00e9cnicos por su capacidad para combinar soluciones pasivas con un lenguaje arquitect\u00f3nico actual. Sus \u00faltimos proyectos resaltan precisamente por esta lectura clim\u00e1tica del territorio, algo cada vez m\u00e1s valorado por promotores privados y cadenas hoteleras que buscan reducir consumos sin renunciar a la est\u00e9tica.<\/p><p data-start=\"1644\" data-end=\"2059\">Una parte significativa de este inter\u00e9s surge de un concepto clave: <strong data-start=\"1712\" data-end=\"1741\">la sostenibilidad visible<\/strong>. No se trata solo de que un edificio sea eficiente, sino de que exprese esa eficiencia a trav\u00e9s de materiales naturales, geometr\u00edas claras y sistemas constructivos honestos. En esta l\u00ednea, la Ibiza arquitectura est\u00e1 consolidando un sello mediterr\u00e1neo propio, donde tradici\u00f3n y tecnolog\u00eda convergen de manera org\u00e1nica.<\/p><p data-start=\"2061\" data-end=\"2339\">La isla, acostumbrada a influir en la escena creativa internacional, vuelve a situarse como referente. Y todo apunta a que esta evoluci\u00f3n \u2014en gran parte impulsada por el trabajo de diversos estudios locales, entre ellos <em data-start=\"2281\" data-end=\"2299\">Mgag Arquitectos<\/em>\u2014 marcar\u00e1 el rumbo de los pr\u00f3ximos a\u00f1os.<\/p>\t\t\t\t\t\t\t\t<\/div>\n\t\t\t\t<\/div>\n\t\t\t\t\t<\/div>\n\t\t\t\t<\/div>\n\t\t<div class=\"has_eae_slider elementor-element elementor-element-dbe910d e-flex e-con-boxed e-con e-parent\" data-id=\"dbe910d\" data-element_type=\"container\">\n\t\t\t\t\t<div class=\"e-con-inner\">\n\t\t\t\t<div class=\"elementor-element elementor-element-f3bc8ac exad-sticky-section-no exad-glass-effect-no elementor-widget elementor-widget-image\" data-id=\"f3bc8ac\" data-element_type=\"widget\" data-widget_type=\"image.default\">\n\t\t\t\t<div class=\"elementor-widget-container\">\n\t\t\t\t\t\t\t\t\t\t\t\t\t\t\t<img fetchpriority=\"high\" decoding=\"async\" width=\"900\" height=\"675\" src=\"https:\/\/mgagarquitectos.com\/website\/wp-content\/uploads\/2025\/11\/IMG-20251118-WA0054-1024x768.jpg\" class=\"attachment-large size-large wp-image-12792\" alt=\"\" srcset=\"https:\/\/mgagarquitectos.com\/website\/wp-content\/uploads\/2025\/11\/IMG-20251118-WA0054-1024x768.jpg 1024w, https:\/\/mgagarquitectos.com\/website\/wp-content\/uploads\/2025\/11\/IMG-20251118-WA0054-300x225.jpg 300w, https:\/\/mgagarquitectos.com\/website\/wp-content\/uploads\/2025\/11\/IMG-20251118-WA0054-768x576.jpg 768w, https:\/\/mgagarquitectos.com\/website\/wp-content\/uploads\/2025\/11\/IMG-20251118-WA0054-1536x1152.jpg 1536w, https:\/\/mgagarquitectos.com\/website\/wp-content\/uploads\/2025\/11\/IMG-20251118-WA0054.jpg 1600w\" sizes=\"(max-width: 900px) 100vw, 900px\" \/>\t\t\t\t\t\t\t\t\t\t\t\t\t\t\t<\/div>\n\t\t\t\t<\/div>\n\t\t\t\t\t<\/div>\n\t\t\t\t<\/div>\n\t\t<div class=\"has_eae_slider elementor-element elementor-element-dfacde0 e-flex e-con-boxed e-con e-parent\" data-id=\"dfacde0\" data-element_type=\"container\">\n\t\t\t\t\t<div class=\"e-con-inner\">\n\t\t\t\t<div class=\"elementor-element elementor-element-9f08bb3 exad-sticky-section-no exad-glass-effect-no elementor-widget elementor-widget-spacer\" data-id=\"9f08bb3\" data-element_type=\"widget\" data-widget_type=\"spacer.default\">\n\t\t\t\t<div class=\"elementor-widget-container\">\n\t\t\t\t\t\t\t<div class=\"elementor-spacer\">\n\t\t\t<div class=\"elementor-spacer-inner\"><\/div>\n\t\t<\/div>\n\t\t\t\t\t\t<\/div>\n\t\t\t\t<\/div>\n\t\t\t\t\t<\/div>\n\t\t\t\t<\/div>\n\t\t\t\t<\/div>\n\t\t","protected":false},"excerpt":{"rendered":"<p>Ibiza est\u00e1 viviendo un momento determinante en materia de arquitectura sostenible. Lo que hace apenas una d\u00e9cada eran iniciativas puntuales, hoy se ha convertido en una tendencia s\u00f3lida: los proyectos residenciales y hoteleros priorizan la eficiencia energ\u00e9tica, el aprovechamiento del clima y la reducci\u00f3n del impacto ambiental. Este cambio, que se observa en toda la [&hellip;]<\/p>\n","protected":false},"author":11,"featured_media":0,"comment_status":"open","ping_status":"open","sticky":false,"template":"","format":"standard","meta":{"inline_featured_image":false,"footnotes":""},"categories":[80],"tags":[],"class_list":["post-12839","post","type-post","status-publish","format-standard","hentry","category-sostenibilidad"],"_links":{"self":[{"href":"https:\/\/mgagarquitectos.com\/website\/wp-json\/wp\/v2\/posts\/12839","targetHints":{"allow":["GET"]}}],"collection":[{"href":"https:\/\/mgagarquitectos.com\/website\/wp-json\/wp\/v2\/posts"}],"about":[{"href":"https:\/\/mgagarquitectos.com\/website\/wp-json\/wp\/v2\/types\/post"}],"author":[{"embeddable":true,"href":"https:\/\/mgagarquitectos.com\/website\/wp-json\/wp\/v2\/users\/11"}],"replies":[{"embeddable":true,"href":"https:\/\/mgagarquitectos.com\/website\/wp-json\/wp\/v2\/comments?post=12839"}],"version-history":[{"count":7,"href":"https:\/\/mgagarquitectos.com\/website\/wp-json\/wp\/v2\/posts\/12839\/revisions"}],"predecessor-version":[{"id":12846,"href":"https:\/\/mgagarquitectos.com\/website\/wp-json\/wp\/v2\/posts\/12839\/revisions\/12846"}],"wp:attachment":[{"href":"https:\/\/mgagarquitectos.com\/website\/wp-json\/wp\/v2\/media?parent=12839"}],"wp:term":[{"taxonomy":"category","embeddable":true,"href":"https:\/\/mgagarquitectos.com\/website\/wp-json\/wp\/v2\/categories?post=12839"},{"taxonomy":"post_tag","embeddable":true,"href":"https:\/\/mgagarquitectos.com\/website\/wp-json\/wp\/v2\/tags?post=12839"}],"curies":[{"name":"wp","href":"https:\/\/api.w.org\/{rel}","templated":true}]}}