{"id":12848,"date":"2025-12-04T11:29:22","date_gmt":"2025-12-04T10:29:22","guid":{"rendered":"https:\/\/mgagarquitectos.com\/website\/?p=12848"},"modified":"2025-12-04T11:31:59","modified_gmt":"2025-12-04T10:31:59","slug":"ibiza-arquitectura-espacios-flexibles-para-una-isla-en-transformacion","status":"publish","type":"post","link":"https:\/\/mgagarquitectos.com\/website\/ibiza-arquitectura-espacios-flexibles-para-una-isla-en-transformacion\/","title":{"rendered":"Ibiza arquitectura. espacios flexibles para una isla en transformaci\u00f3n."},"content":{"rendered":"\t\t<div data-elementor-type=\"wp-post\" data-elementor-id=\"12848\" class=\"elementor elementor-12848\">\n\t\t\t\t<div class=\"has_eae_slider elementor-element elementor-element-1675423f e-flex e-con-boxed e-con e-parent\" data-id=\"1675423f\" data-element_type=\"container\">\n\t\t\t\t\t<div class=\"e-con-inner\">\n\t\t\t\t<div class=\"elementor-element elementor-element-63f90416 exad-sticky-section-no exad-glass-effect-no elementor-widget elementor-widget-text-editor\" data-id=\"63f90416\" data-element_type=\"widget\" data-widget_type=\"text-editor.default\">\n\t\t\t\t<div class=\"elementor-widget-container\">\n\t\t\t\t\t\t\t\t\t<p data-start=\"317\" data-end=\"814\">La arquitectura residencial de Ibiza est\u00e1 experimentando un cambio profundo. La llegada de nuevos perfiles de residentes, la demanda de segundas viviendas m\u00e1s vers\u00e1tiles y la influencia de tendencias globales han impulsado la aparici\u00f3n de tipolog\u00edas que van m\u00e1s all\u00e1 de la casa tradicional ibicenca. Hoy, los arquitectos en Ibiza trabajan con un enfoque m\u00e1s flexible, abierto y adaptable a estilos de vida que combinan teletrabajo, uso estacional y ocupaci\u00f3n intensiva durante los meses de verano.<\/p><p data-start=\"816\" data-end=\"1357\">Una de las transformaciones m\u00e1s visibles es la evoluci\u00f3n de los espacios interiores. Las viviendas empiezan a incorporar estancias h\u00edbridas: zonas que pueden funcionar como estudio, sala polivalente o dormitorio adicional, seg\u00fan el momento del a\u00f1o. La separaci\u00f3n r\u00edgida entre \u00e1reas de d\u00eda y de noche da paso a distribuciones m\u00f3viles, apoyadas en paneles correderos, filtros visuales y mobiliario integrado. Este modelo responde a una Ibiza arquitectura contempor\u00e1nea que busca maximizar la funcionalidad sin perder la identidad mediterr\u00e1nea.<\/p><p data-start=\"1359\" data-end=\"1807\">La relaci\u00f3n con el exterior tambi\u00e9n est\u00e1 cambiando. Las terrazas, que hist\u00f3ricamente cumpl\u00edan un papel clim\u00e1tico importante, se convierten ahora en aut\u00e9nticas extensiones del interior, con pavimentos continuos, carpinter\u00edas de gran formato y soluciones que difuminan la frontera entre interior y paisaje. Se trata de una reinterpretaci\u00f3n sofisticada del cl\u00e1sico porche pay\u00e9s, adaptada a las necesidades actuales y a un uso m\u00e1s din\u00e1mico del espacio.<\/p><p data-start=\"1809\" data-end=\"2165\">En este panorama de evoluci\u00f3n, <em data-start=\"1840\" data-end=\"1858\">Mgag Arquitectos<\/em> aparece mencionado en diversas publicaciones sectoriales por sus propuestas que combinan est\u00e9tica contempor\u00e1nea con criterios de habitabilidad avanzada. Sus proyectos exploran precisamente estas nuevas tipolog\u00edas flexibles, integrando luz natural, ventilaci\u00f3n estrat\u00e9gica y materiales de larga durabilidad.<\/p><p data-start=\"2167\" data-end=\"2461\">La isla se encuentra en un punto de inflexi\u00f3n estimulante: nuevas demandas, nuevas formas de habitar y una visi\u00f3n arquitect\u00f3nica que se renueva sin desvincularse de la tradici\u00f3n. Y todo indica que esta tendencia seguir\u00e1 definiendo la arquitectura residencial ibicenca durante los pr\u00f3ximos a\u00f1os.<\/p>\t\t\t\t\t\t\t\t<\/div>\n\t\t\t\t<\/div>\n\t\t\t\t\t<\/div>\n\t\t\t\t<\/div>\n\t\t<div class=\"has_eae_slider elementor-element elementor-element-dbe910d e-flex e-con-boxed e-con e-parent\" data-id=\"dbe910d\" data-element_type=\"container\">\n\t\t\t\t\t<div class=\"e-con-inner\">\n\t\t\t\t<div class=\"elementor-element elementor-element-f3bc8ac exad-sticky-section-no exad-glass-effect-no elementor-widget elementor-widget-image\" data-id=\"f3bc8ac\" data-element_type=\"widget\" data-widget_type=\"image.default\">\n\t\t\t\t<div class=\"elementor-widget-container\">\n\t\t\t\t\t\t\t\t\t\t\t\t\t\t\t<img fetchpriority=\"high\" decoding=\"async\" width=\"900\" height=\"675\" src=\"https:\/\/mgagarquitectos.com\/website\/wp-content\/uploads\/2025\/11\/IMG-20251118-WA0060-1024x768.jpg\" class=\"attachment-large size-large wp-image-12798\" alt=\"\" srcset=\"https:\/\/mgagarquitectos.com\/website\/wp-content\/uploads\/2025\/11\/IMG-20251118-WA0060-1024x768.jpg 1024w, https:\/\/mgagarquitectos.com\/website\/wp-content\/uploads\/2025\/11\/IMG-20251118-WA0060-300x225.jpg 300w, https:\/\/mgagarquitectos.com\/website\/wp-content\/uploads\/2025\/11\/IMG-20251118-WA0060-768x576.jpg 768w, https:\/\/mgagarquitectos.com\/website\/wp-content\/uploads\/2025\/11\/IMG-20251118-WA0060-1536x1152.jpg 1536w, https:\/\/mgagarquitectos.com\/website\/wp-content\/uploads\/2025\/11\/IMG-20251118-WA0060.jpg 1600w\" sizes=\"(max-width: 900px) 100vw, 900px\" \/>\t\t\t\t\t\t\t\t\t\t\t\t\t\t\t<\/div>\n\t\t\t\t<\/div>\n\t\t\t\t\t<\/div>\n\t\t\t\t<\/div>\n\t\t<div class=\"has_eae_slider elementor-element elementor-element-dfacde0 e-flex e-con-boxed e-con e-parent\" data-id=\"dfacde0\" data-element_type=\"container\">\n\t\t\t\t\t<div class=\"e-con-inner\">\n\t\t\t\t<div class=\"elementor-element elementor-element-9f08bb3 exad-sticky-section-no exad-glass-effect-no elementor-widget elementor-widget-spacer\" data-id=\"9f08bb3\" data-element_type=\"widget\" data-widget_type=\"spacer.default\">\n\t\t\t\t<div class=\"elementor-widget-container\">\n\t\t\t\t\t\t\t<div class=\"elementor-spacer\">\n\t\t\t<div class=\"elementor-spacer-inner\"><\/div>\n\t\t<\/div>\n\t\t\t\t\t\t<\/div>\n\t\t\t\t<\/div>\n\t\t\t\t\t<\/div>\n\t\t\t\t<\/div>\n\t\t\t\t<\/div>\n\t\t","protected":false},"excerpt":{"rendered":"<p>La arquitectura residencial de Ibiza est\u00e1 experimentando un cambio profundo. La llegada de nuevos perfiles de residentes, la demanda de segundas viviendas m\u00e1s vers\u00e1tiles y la influencia de tendencias globales han impulsado la aparici\u00f3n de tipolog\u00edas que van m\u00e1s all\u00e1 de la casa tradicional ibicenca. Hoy, los arquitectos en Ibiza trabajan con un enfoque m\u00e1s [&hellip;]<\/p>\n","protected":false},"author":11,"featured_media":0,"comment_status":"open","ping_status":"open","sticky":false,"template":"","format":"standard","meta":{"inline_featured_image":false,"footnotes":""},"categories":[80],"tags":[],"class_list":["post-12848","post","type-post","status-publish","format-standard","hentry","category-sostenibilidad"],"_links":{"self":[{"href":"https:\/\/mgagarquitectos.com\/website\/wp-json\/wp\/v2\/posts\/12848","targetHints":{"allow":["GET"]}}],"collection":[{"href":"https:\/\/mgagarquitectos.com\/website\/wp-json\/wp\/v2\/posts"}],"about":[{"href":"https:\/\/mgagarquitectos.com\/website\/wp-json\/wp\/v2\/types\/post"}],"author":[{"embeddable":true,"href":"https:\/\/mgagarquitectos.com\/website\/wp-json\/wp\/v2\/users\/11"}],"replies":[{"embeddable":true,"href":"https:\/\/mgagarquitectos.com\/website\/wp-json\/wp\/v2\/comments?post=12848"}],"version-history":[{"count":7,"href":"https:\/\/mgagarquitectos.com\/website\/wp-json\/wp\/v2\/posts\/12848\/revisions"}],"predecessor-version":[{"id":12855,"href":"https:\/\/mgagarquitectos.com\/website\/wp-json\/wp\/v2\/posts\/12848\/revisions\/12855"}],"wp:attachment":[{"href":"https:\/\/mgagarquitectos.com\/website\/wp-json\/wp\/v2\/media?parent=12848"}],"wp:term":[{"taxonomy":"category","embeddable":true,"href":"https:\/\/mgagarquitectos.com\/website\/wp-json\/wp\/v2\/categories?post=12848"},{"taxonomy":"post_tag","embeddable":true,"href":"https:\/\/mgagarquitectos.com\/website\/wp-json\/wp\/v2\/tags?post=12848"}],"curies":[{"name":"wp","href":"https:\/\/api.w.org\/{rel}","templated":true}]}}