{"id":12856,"date":"2025-12-04T11:34:04","date_gmt":"2025-12-04T10:34:04","guid":{"rendered":"https:\/\/mgagarquitectos.com\/website\/?p=12856"},"modified":"2025-12-04T11:39:54","modified_gmt":"2025-12-04T10:39:54","slug":"ibiza-arquitectura-la-luz-de-ibiza-como-herramienta-de-diseno","status":"publish","type":"post","link":"https:\/\/mgagarquitectos.com\/website\/ibiza-arquitectura-la-luz-de-ibiza-como-herramienta-de-diseno\/","title":{"rendered":"Ibiza arquitectura. La luz de Ibiza como herramienta de dise\u00f1o."},"content":{"rendered":"\t\t<div data-elementor-type=\"wp-post\" data-elementor-id=\"12856\" class=\"elementor elementor-12856\">\n\t\t\t\t<div class=\"has_eae_slider elementor-element elementor-element-1675423f e-flex e-con-boxed e-con e-parent\" data-id=\"1675423f\" data-element_type=\"container\">\n\t\t\t\t\t<div class=\"e-con-inner\">\n\t\t\t\t<div class=\"elementor-element elementor-element-63f90416 exad-sticky-section-no exad-glass-effect-no elementor-widget elementor-widget-text-editor\" data-id=\"63f90416\" data-element_type=\"widget\" data-widget_type=\"text-editor.default\">\n\t\t\t\t<div class=\"elementor-widget-container\">\n\t\t\t\t\t\t\t\t\t<p data-start=\"305\" data-end=\"712\">n pocas regiones del Mediterr\u00e1neo la luz tiene tanta presencia como en Ibiza. Su intensidad, su direcci\u00f3n cambiante a lo largo del d\u00eda y la manera en que se refleja en el paisaje han marcado, hist\u00f3ricamente, la arquitectura de la isla. Hoy, esta cualidad vuelve a situarse en el centro del debate arquitect\u00f3nico, y numerosos estudios locales exploran c\u00f3mo utilizarla como herramienta principal de proyecto.<\/p><p data-start=\"714\" data-end=\"1120\">La luz no solo define atm\u00f3sferas; tambi\u00e9n condiciona la geometr\u00eda y la materialidad. Los arquitectos en Ibiza trabajan cada vez m\u00e1s con vol\u00famenes que generan sombras profundas, orientaciones estudiadas y aperturas milim\u00e9tricas que permiten controlar el exceso de radiaci\u00f3n sin perder claridad interior. Es una delicada combinaci\u00f3n entre protecci\u00f3n y apertura, t\u00edpica de la Ibiza arquitectura contempor\u00e1nea.<\/p><p data-start=\"1122\" data-end=\"1513\">Los materiales juegan un papel decisivo en esta relaci\u00f3n con la luz. La cal blanca, la piedra local y las texturas minerales siguen siendo recursos esenciales para modular reflejos y evitar sobrecalentamientos. Sin embargo, a esta tradici\u00f3n se suman superficies m\u00e1s t\u00e9cnicas \u2014morteros de altas prestaciones, vidrios selectivos o celos\u00edas cer\u00e1micas\u2014 que aportan precisi\u00f3n y confort clim\u00e1tico.<\/p><p data-start=\"1515\" data-end=\"1889\">En este contexto, <em data-start=\"1533\" data-end=\"1551\">Mgag Arquitectos<\/em> aparece a menudo citado en medios especializados por su trabajo en el control lum\u00ednico y la puesta en valor de la luz natural como elemento compositivo. Sus proyectos destacan por esa lectura atenta del entorno, donde cada fachada, cada sombra y cada umbral se dise\u00f1an como parte de una coreograf\u00eda lum\u00ednica que cambia seg\u00fan la estaci\u00f3n.<\/p><p data-start=\"1891\" data-end=\"2147\">La luz, que durante siglos defini\u00f3 la arquitectura payesa por necesidad clim\u00e1tica, se convierte ahora en un recurso creativo de primer orden. Ibiza contin\u00faa, as\u00ed, consolidando un lenguaje arquitect\u00f3nico propio, sensible al paisaje y en constante evoluci\u00f3n.<\/p>\t\t\t\t\t\t\t\t<\/div>\n\t\t\t\t<\/div>\n\t\t\t\t\t<\/div>\n\t\t\t\t<\/div>\n\t\t<div class=\"has_eae_slider elementor-element elementor-element-dbe910d e-flex e-con-boxed e-con e-parent\" data-id=\"dbe910d\" data-element_type=\"container\">\n\t\t\t\t\t<div class=\"e-con-inner\">\n\t\t\t\t<div class=\"elementor-element elementor-element-f3bc8ac exad-sticky-section-no exad-glass-effect-no elementor-widget elementor-widget-image\" data-id=\"f3bc8ac\" data-element_type=\"widget\" data-widget_type=\"image.default\">\n\t\t\t\t<div class=\"elementor-widget-container\">\n\t\t\t\t\t\t\t\t\t\t\t\t\t\t\t<img fetchpriority=\"high\" decoding=\"async\" width=\"900\" height=\"675\" src=\"https:\/\/mgagarquitectos.com\/website\/wp-content\/uploads\/2025\/11\/IMG-20251118-WA0067-1024x768.jpg\" class=\"attachment-large size-large wp-image-12805\" alt=\"\" srcset=\"https:\/\/mgagarquitectos.com\/website\/wp-content\/uploads\/2025\/11\/IMG-20251118-WA0067-1024x768.jpg 1024w, https:\/\/mgagarquitectos.com\/website\/wp-content\/uploads\/2025\/11\/IMG-20251118-WA0067-300x225.jpg 300w, https:\/\/mgagarquitectos.com\/website\/wp-content\/uploads\/2025\/11\/IMG-20251118-WA0067-768x576.jpg 768w, https:\/\/mgagarquitectos.com\/website\/wp-content\/uploads\/2025\/11\/IMG-20251118-WA0067-1536x1152.jpg 1536w, https:\/\/mgagarquitectos.com\/website\/wp-content\/uploads\/2025\/11\/IMG-20251118-WA0067.jpg 1600w\" sizes=\"(max-width: 900px) 100vw, 900px\" \/>\t\t\t\t\t\t\t\t\t\t\t\t\t\t\t<\/div>\n\t\t\t\t<\/div>\n\t\t\t\t\t<\/div>\n\t\t\t\t<\/div>\n\t\t<div class=\"has_eae_slider elementor-element elementor-element-dfacde0 e-flex e-con-boxed e-con e-parent\" data-id=\"dfacde0\" data-element_type=\"container\">\n\t\t\t\t\t<div class=\"e-con-inner\">\n\t\t\t\t<div class=\"elementor-element elementor-element-9f08bb3 exad-sticky-section-no exad-glass-effect-no elementor-widget elementor-widget-spacer\" data-id=\"9f08bb3\" data-element_type=\"widget\" data-widget_type=\"spacer.default\">\n\t\t\t\t<div class=\"elementor-widget-container\">\n\t\t\t\t\t\t\t<div class=\"elementor-spacer\">\n\t\t\t<div class=\"elementor-spacer-inner\"><\/div>\n\t\t<\/div>\n\t\t\t\t\t\t<\/div>\n\t\t\t\t<\/div>\n\t\t\t\t\t<\/div>\n\t\t\t\t<\/div>\n\t\t\t\t<\/div>\n\t\t","protected":false},"excerpt":{"rendered":"<p>n pocas regiones del Mediterr\u00e1neo la luz tiene tanta presencia como en Ibiza. Su intensidad, su direcci\u00f3n cambiante a lo largo del d\u00eda y la manera en que se refleja en el paisaje han marcado, hist\u00f3ricamente, la arquitectura de la isla. Hoy, esta cualidad vuelve a situarse en el centro del debate arquitect\u00f3nico, y numerosos [&hellip;]<\/p>\n","protected":false},"author":11,"featured_media":0,"comment_status":"open","ping_status":"open","sticky":false,"template":"","format":"standard","meta":{"inline_featured_image":false,"footnotes":""},"categories":[80],"tags":[],"class_list":["post-12856","post","type-post","status-publish","format-standard","hentry","category-sostenibilidad"],"_links":{"self":[{"href":"https:\/\/mgagarquitectos.com\/website\/wp-json\/wp\/v2\/posts\/12856","targetHints":{"allow":["GET"]}}],"collection":[{"href":"https:\/\/mgagarquitectos.com\/website\/wp-json\/wp\/v2\/posts"}],"about":[{"href":"https:\/\/mgagarquitectos.com\/website\/wp-json\/wp\/v2\/types\/post"}],"author":[{"embeddable":true,"href":"https:\/\/mgagarquitectos.com\/website\/wp-json\/wp\/v2\/users\/11"}],"replies":[{"embeddable":true,"href":"https:\/\/mgagarquitectos.com\/website\/wp-json\/wp\/v2\/comments?post=12856"}],"version-history":[{"count":8,"href":"https:\/\/mgagarquitectos.com\/website\/wp-json\/wp\/v2\/posts\/12856\/revisions"}],"predecessor-version":[{"id":12864,"href":"https:\/\/mgagarquitectos.com\/website\/wp-json\/wp\/v2\/posts\/12856\/revisions\/12864"}],"wp:attachment":[{"href":"https:\/\/mgagarquitectos.com\/website\/wp-json\/wp\/v2\/media?parent=12856"}],"wp:term":[{"taxonomy":"category","embeddable":true,"href":"https:\/\/mgagarquitectos.com\/website\/wp-json\/wp\/v2\/categories?post=12856"},{"taxonomy":"post_tag","embeddable":true,"href":"https:\/\/mgagarquitectos.com\/website\/wp-json\/wp\/v2\/tags?post=12856"}],"curies":[{"name":"wp","href":"https:\/\/api.w.org\/{rel}","templated":true}]}}