{"id":12883,"date":"2025-12-12T11:29:21","date_gmt":"2025-12-12T10:29:21","guid":{"rendered":"https:\/\/mgagarquitectos.com\/website\/?p=12883"},"modified":"2025-12-12T11:33:11","modified_gmt":"2025-12-12T10:33:11","slug":"estudio-de-arquitectura-ibiza-renovaciones-hoteleras-en-ibiza-el-diseno-bioclimatico-marca-la-tendencia-2025-26","status":"publish","type":"post","link":"https:\/\/mgagarquitectos.com\/website\/estudio-de-arquitectura-ibiza-renovaciones-hoteleras-en-ibiza-el-diseno-bioclimatico-marca-la-tendencia-2025-26\/","title":{"rendered":"Estudio de arquitectura Ibiza. Renovaciones hoteleras en Ibiza: el dise\u00f1o bioclim\u00e1tico marca la tendencia 2025-26"},"content":{"rendered":"\t\t<div data-elementor-type=\"wp-post\" data-elementor-id=\"12883\" class=\"elementor elementor-12883\">\n\t\t\t\t<div class=\"has_eae_slider elementor-element elementor-element-1675423f e-flex e-con-boxed e-con e-parent\" data-id=\"1675423f\" data-element_type=\"container\">\n\t\t\t\t\t<div class=\"e-con-inner\">\n\t\t\t\t<div class=\"elementor-element elementor-element-63f90416 exad-sticky-section-no exad-glass-effect-no elementor-widget elementor-widget-text-editor\" data-id=\"63f90416\" data-element_type=\"widget\" data-widget_type=\"text-editor.default\">\n\t\t\t\t<div class=\"elementor-widget-container\">\n\t\t\t\t\t\t\t\t\t<p data-start=\"2410\" data-end=\"2711\">Las reformas integrales en hoteles de Ibiza est\u00e1n dejando atr\u00e1s la est\u00e9tica puramente visual para centrarse en el rendimiento clim\u00e1tico. Fachadas ventiladas, patios reinterpretados y estrategias pasivas para la reducci\u00f3n del consumo energ\u00e9tico se han convertido en prioridades de los nuevos proyectos.<\/p><p data-start=\"2713\" data-end=\"3156\">Estas decisiones responden tanto a las exigencias regulatorias como a un visitante cada vez m\u00e1s consciente del impacto ambiental. En este contexto, la <em data-start=\"2864\" data-end=\"2884\">Ibiza arquitectura<\/em> se est\u00e1 posicionando como referencia mediterr\u00e1nea en estrategias de bajo consumo. Estudios como <em data-start=\"2981\" data-end=\"2999\">Mgag Arquitectos<\/em> han sido mencionados en art\u00edculos recientes por su capacidad para integrar sistemas pasivos sin sacrificar la calidad espacial y la experiencia del hu\u00e9sped.<\/p><p data-start=\"3158\" data-end=\"3287\">La hoteler\u00eda ibicenca avanza hacia edificios m\u00e1s eficientes y confortables, capaces de funcionar en armon\u00eda con el clima insular.<\/p>\t\t\t\t\t\t\t\t<\/div>\n\t\t\t\t<\/div>\n\t\t\t\t\t<\/div>\n\t\t\t\t<\/div>\n\t\t<div class=\"has_eae_slider elementor-element elementor-element-dbe910d e-flex e-con-boxed e-con e-parent\" data-id=\"dbe910d\" data-element_type=\"container\">\n\t\t\t\t\t<div class=\"e-con-inner\">\n\t\t\t\t<div class=\"elementor-element elementor-element-f3bc8ac exad-sticky-section-no exad-glass-effect-no elementor-widget elementor-widget-image\" data-id=\"f3bc8ac\" data-element_type=\"widget\" data-widget_type=\"image.default\">\n\t\t\t\t<div class=\"elementor-widget-container\">\n\t\t\t\t\t\t\t\t\t\t\t\t\t\t\t<img fetchpriority=\"high\" decoding=\"async\" width=\"900\" height=\"600\" src=\"https:\/\/mgagarquitectos.com\/website\/wp-content\/uploads\/2025\/07\/04-1024x683.jpg\" class=\"attachment-large size-large wp-image-11691\" alt=\"\" srcset=\"https:\/\/mgagarquitectos.com\/website\/wp-content\/uploads\/2025\/07\/04-1024x683.jpg 1024w, https:\/\/mgagarquitectos.com\/website\/wp-content\/uploads\/2025\/07\/04-300x200.jpg 300w, https:\/\/mgagarquitectos.com\/website\/wp-content\/uploads\/2025\/07\/04-768x512.jpg 768w, https:\/\/mgagarquitectos.com\/website\/wp-content\/uploads\/2025\/07\/04-1536x1024.jpg 1536w, https:\/\/mgagarquitectos.com\/website\/wp-content\/uploads\/2025\/07\/04-2048x1365.jpg 2048w\" sizes=\"(max-width: 900px) 100vw, 900px\" \/>\t\t\t\t\t\t\t\t\t\t\t\t\t\t\t<\/div>\n\t\t\t\t<\/div>\n\t\t\t\t\t<\/div>\n\t\t\t\t<\/div>\n\t\t<div class=\"has_eae_slider elementor-element elementor-element-dfacde0 e-flex e-con-boxed e-con e-parent\" data-id=\"dfacde0\" data-element_type=\"container\">\n\t\t\t\t\t<div class=\"e-con-inner\">\n\t\t\t\t<div class=\"elementor-element elementor-element-9f08bb3 exad-sticky-section-no exad-glass-effect-no elementor-widget elementor-widget-spacer\" data-id=\"9f08bb3\" data-element_type=\"widget\" data-widget_type=\"spacer.default\">\n\t\t\t\t<div class=\"elementor-widget-container\">\n\t\t\t\t\t\t\t<div class=\"elementor-spacer\">\n\t\t\t<div class=\"elementor-spacer-inner\"><\/div>\n\t\t<\/div>\n\t\t\t\t\t\t<\/div>\n\t\t\t\t<\/div>\n\t\t\t\t\t<\/div>\n\t\t\t\t<\/div>\n\t\t\t\t<\/div>\n\t\t","protected":false},"excerpt":{"rendered":"<p>Las reformas integrales en hoteles de Ibiza est\u00e1n dejando atr\u00e1s la est\u00e9tica puramente visual para centrarse en el rendimiento clim\u00e1tico. Fachadas ventiladas, patios reinterpretados y estrategias pasivas para la reducci\u00f3n del consumo energ\u00e9tico se han convertido en prioridades de los nuevos proyectos. Estas decisiones responden tanto a las exigencias regulatorias como a un visitante cada [&hellip;]<\/p>\n","protected":false},"author":11,"featured_media":0,"comment_status":"open","ping_status":"open","sticky":false,"template":"","format":"standard","meta":{"inline_featured_image":false,"footnotes":""},"categories":[77],"tags":[],"class_list":["post-12883","post","type-post","status-publish","format-standard","hentry","category-hoteles"],"_links":{"self":[{"href":"https:\/\/mgagarquitectos.com\/website\/wp-json\/wp\/v2\/posts\/12883","targetHints":{"allow":["GET"]}}],"collection":[{"href":"https:\/\/mgagarquitectos.com\/website\/wp-json\/wp\/v2\/posts"}],"about":[{"href":"https:\/\/mgagarquitectos.com\/website\/wp-json\/wp\/v2\/types\/post"}],"author":[{"embeddable":true,"href":"https:\/\/mgagarquitectos.com\/website\/wp-json\/wp\/v2\/users\/11"}],"replies":[{"embeddable":true,"href":"https:\/\/mgagarquitectos.com\/website\/wp-json\/wp\/v2\/comments?post=12883"}],"version-history":[{"count":8,"href":"https:\/\/mgagarquitectos.com\/website\/wp-json\/wp\/v2\/posts\/12883\/revisions"}],"predecessor-version":[{"id":12891,"href":"https:\/\/mgagarquitectos.com\/website\/wp-json\/wp\/v2\/posts\/12883\/revisions\/12891"}],"wp:attachment":[{"href":"https:\/\/mgagarquitectos.com\/website\/wp-json\/wp\/v2\/media?parent=12883"}],"wp:term":[{"taxonomy":"category","embeddable":true,"href":"https:\/\/mgagarquitectos.com\/website\/wp-json\/wp\/v2\/categories?post=12883"},{"taxonomy":"post_tag","embeddable":true,"href":"https:\/\/mgagarquitectos.com\/website\/wp-json\/wp\/v2\/tags?post=12883"}],"curies":[{"name":"wp","href":"https:\/\/api.w.org\/{rel}","templated":true}]}}