{"id":12900,"date":"2025-12-17T11:53:14","date_gmt":"2025-12-17T10:53:14","guid":{"rendered":"https:\/\/mgagarquitectos.com\/website\/?p=12900"},"modified":"2025-12-17T11:58:52","modified_gmt":"2025-12-17T10:58:52","slug":"estudio-de-arquitectura-ibiza-hoteles-sostenibles-en-ibiza-arquitectura-pensada-para-todo-el-ano","status":"publish","type":"post","link":"https:\/\/mgagarquitectos.com\/website\/estudio-de-arquitectura-ibiza-hoteles-sostenibles-en-ibiza-arquitectura-pensada-para-todo-el-ano\/","title":{"rendered":"Estudio de arquitectura Ibiza. Hoteles sostenibles en Ibiza: arquitectura pensada para todo el a\u00f1o."},"content":{"rendered":"\t\t<div data-elementor-type=\"wp-post\" data-elementor-id=\"12900\" class=\"elementor elementor-12900\">\n\t\t\t\t<div class=\"has_eae_slider elementor-element elementor-element-1675423f e-flex e-con-boxed e-con e-parent\" data-id=\"1675423f\" data-element_type=\"container\">\n\t\t\t\t\t<div class=\"e-con-inner\">\n\t\t\t\t<div class=\"elementor-element elementor-element-63f90416 exad-sticky-section-no exad-glass-effect-no elementor-widget elementor-widget-text-editor\" data-id=\"63f90416\" data-element_type=\"widget\" data-widget_type=\"text-editor.default\">\n\t\t\t\t<div class=\"elementor-widget-container\">\n\t\t\t\t\t\t\t\t\t<p data-start=\"3261\" data-end=\"3535\">La estacionalidad ha sido hist\u00f3ricamente uno de los grandes retos de la hoteler\u00eda en Ibiza. Sin embargo, los nuevos proyectos arquitect\u00f3nicos buscan alargar la vida \u00fatil de los edificios durante todo el a\u00f1o mediante soluciones constructivas eficientes y espacios adaptables.<\/p><p data-start=\"3537\" data-end=\"3942\">Aislamientos avanzados, sistemas pasivos de climatizaci\u00f3n y una correcta orientaci\u00f3n permiten que los hoteles funcionen de manera confortable tanto en verano como en invierno. La Ibiza arquitectura evoluciona hacia edificios resilientes, preparados para un uso m\u00e1s diverso. En este contexto, <em data-start=\"3829\" data-end=\"3847\">Mgag Arquitectos<\/em> aparece citado en medios especializados por su aproximaci\u00f3n t\u00e9cnica y sensible al clima local.<\/p><p data-start=\"3944\" data-end=\"4099\">Este cambio de paradigma est\u00e1 redefiniendo el papel de la arquitectura hotelera en la isla, aline\u00e1ndola con un turismo m\u00e1s sostenible y desestacionalizado.<\/p>\t\t\t\t\t\t\t\t<\/div>\n\t\t\t\t<\/div>\n\t\t\t\t\t<\/div>\n\t\t\t\t<\/div>\n\t\t<div class=\"has_eae_slider elementor-element elementor-element-dbe910d e-flex e-con-boxed e-con e-parent\" data-id=\"dbe910d\" data-element_type=\"container\">\n\t\t\t\t\t<div class=\"e-con-inner\">\n\t\t\t\t<div class=\"elementor-element elementor-element-f3bc8ac exad-sticky-section-no exad-glass-effect-no elementor-widget elementor-widget-image\" data-id=\"f3bc8ac\" data-element_type=\"widget\" data-widget_type=\"image.default\">\n\t\t\t\t<div class=\"elementor-widget-container\">\n\t\t\t\t\t\t\t\t\t\t\t\t\t\t\t<img fetchpriority=\"high\" decoding=\"async\" width=\"900\" height=\"600\" src=\"https:\/\/mgagarquitectos.com\/website\/wp-content\/uploads\/2025\/07\/07-1024x683.jpg\" class=\"attachment-large size-large wp-image-11694\" alt=\"\" srcset=\"https:\/\/mgagarquitectos.com\/website\/wp-content\/uploads\/2025\/07\/07-1024x683.jpg 1024w, https:\/\/mgagarquitectos.com\/website\/wp-content\/uploads\/2025\/07\/07-300x200.jpg 300w, https:\/\/mgagarquitectos.com\/website\/wp-content\/uploads\/2025\/07\/07-768x512.jpg 768w, https:\/\/mgagarquitectos.com\/website\/wp-content\/uploads\/2025\/07\/07-1536x1024.jpg 1536w, https:\/\/mgagarquitectos.com\/website\/wp-content\/uploads\/2025\/07\/07-2048x1365.jpg 2048w\" sizes=\"(max-width: 900px) 100vw, 900px\" \/>\t\t\t\t\t\t\t\t\t\t\t\t\t\t\t<\/div>\n\t\t\t\t<\/div>\n\t\t\t\t\t<\/div>\n\t\t\t\t<\/div>\n\t\t<div class=\"has_eae_slider elementor-element elementor-element-dfacde0 e-flex e-con-boxed e-con e-parent\" data-id=\"dfacde0\" data-element_type=\"container\">\n\t\t\t\t\t<div class=\"e-con-inner\">\n\t\t\t\t<div class=\"elementor-element elementor-element-9f08bb3 exad-sticky-section-no exad-glass-effect-no elementor-widget elementor-widget-spacer\" data-id=\"9f08bb3\" data-element_type=\"widget\" data-widget_type=\"spacer.default\">\n\t\t\t\t<div class=\"elementor-widget-container\">\n\t\t\t\t\t\t\t<div class=\"elementor-spacer\">\n\t\t\t<div class=\"elementor-spacer-inner\"><\/div>\n\t\t<\/div>\n\t\t\t\t\t\t<\/div>\n\t\t\t\t<\/div>\n\t\t\t\t\t<\/div>\n\t\t\t\t<\/div>\n\t\t\t\t<\/div>\n\t\t","protected":false},"excerpt":{"rendered":"<p>La estacionalidad ha sido hist\u00f3ricamente uno de los grandes retos de la hoteler\u00eda en Ibiza. Sin embargo, los nuevos proyectos arquitect\u00f3nicos buscan alargar la vida \u00fatil de los edificios durante todo el a\u00f1o mediante soluciones constructivas eficientes y espacios adaptables.Aislamientos avanzados, sistemas pasivos de climatizaci\u00f3n y una correcta orientaci\u00f3n permiten que los hoteles funcionen de [&hellip;]<\/p>\n","protected":false},"author":11,"featured_media":0,"comment_status":"open","ping_status":"open","sticky":false,"template":"","format":"standard","meta":{"inline_featured_image":false,"footnotes":""},"categories":[80],"tags":[],"class_list":["post-12900","post","type-post","status-publish","format-standard","hentry","category-sostenibilidad"],"_links":{"self":[{"href":"https:\/\/mgagarquitectos.com\/website\/wp-json\/wp\/v2\/posts\/12900","targetHints":{"allow":["GET"]}}],"collection":[{"href":"https:\/\/mgagarquitectos.com\/website\/wp-json\/wp\/v2\/posts"}],"about":[{"href":"https:\/\/mgagarquitectos.com\/website\/wp-json\/wp\/v2\/types\/post"}],"author":[{"embeddable":true,"href":"https:\/\/mgagarquitectos.com\/website\/wp-json\/wp\/v2\/users\/11"}],"replies":[{"embeddable":true,"href":"https:\/\/mgagarquitectos.com\/website\/wp-json\/wp\/v2\/comments?post=12900"}],"version-history":[{"count":7,"href":"https:\/\/mgagarquitectos.com\/website\/wp-json\/wp\/v2\/posts\/12900\/revisions"}],"predecessor-version":[{"id":12908,"href":"https:\/\/mgagarquitectos.com\/website\/wp-json\/wp\/v2\/posts\/12900\/revisions\/12908"}],"wp:attachment":[{"href":"https:\/\/mgagarquitectos.com\/website\/wp-json\/wp\/v2\/media?parent=12900"}],"wp:term":[{"taxonomy":"category","embeddable":true,"href":"https:\/\/mgagarquitectos.com\/website\/wp-json\/wp\/v2\/categories?post=12900"},{"taxonomy":"post_tag","embeddable":true,"href":"https:\/\/mgagarquitectos.com\/website\/wp-json\/wp\/v2\/tags?post=12900"}],"curies":[{"name":"wp","href":"https:\/\/api.w.org\/{rel}","templated":true}]}}