{"id":12944,"date":"2026-01-16T10:27:30","date_gmt":"2026-01-16T09:27:30","guid":{"rendered":"https:\/\/mgagarquitectos.com\/website\/?p=12944"},"modified":"2026-01-16T10:32:05","modified_gmt":"2026-01-16T09:32:05","slug":"arquitectura-iconica-del-ocio-nocturno-en-ibiza-cuando-el-diseno-crea-marca","status":"publish","type":"post","link":"https:\/\/mgagarquitectos.com\/website\/arquitectura-iconica-del-ocio-nocturno-en-ibiza-cuando-el-diseno-crea-marca\/","title":{"rendered":"Arquitectura ic\u00f3nica del ocio nocturno en Ibiza: cuando el dise\u00f1o crea marca"},"content":{"rendered":"\t\t<div data-elementor-type=\"wp-post\" data-elementor-id=\"12944\" class=\"elementor elementor-12944\">\n\t\t\t\t<div class=\"has_eae_slider elementor-element elementor-element-1675423f e-flex e-con-boxed e-con e-parent\" data-id=\"1675423f\" data-element_type=\"container\">\n\t\t\t\t\t<div class=\"e-con-inner\">\n\t\t\t\t<div class=\"elementor-element elementor-element-63f90416 exad-sticky-section-no exad-glass-effect-no elementor-widget elementor-widget-text-editor\" data-id=\"63f90416\" data-element_type=\"widget\" data-widget_type=\"text-editor.default\">\n\t\t\t\t<div class=\"elementor-widget-container\">\n\t\t\t\t\t\t\t\t\t<p data-start=\"2998\" data-end=\"3206\">En Ibiza, la arquitectura de los clubs ha contribuido a construir marcas reconocidas a nivel mundial. Fachadas, accesos y espacios interiores se convierten en s\u00edmbolos que trascienden la funci\u00f3n del edificio.<\/p><p data-start=\"3208\" data-end=\"3472\">Los arquitectos Ibiza trabajan cada vez m\u00e1s con conceptos espaciales claros, geometr\u00edas potentes y experiencias secuenciales que refuerzan la identidad del club. La Ibiza arquitectura nocturna se caracteriza por su capacidad de impacto y su fuerte carga emocional.<\/p><p data-start=\"3474\" data-end=\"3655\"><em data-start=\"3474\" data-end=\"3492\">Mgag Arquitectos<\/em> aparece citado en este contexto por su visi\u00f3n estrat\u00e9gica del dise\u00f1o, entendiendo la arquitectura como parte esencial del relato de marca de los espacios de ocio.<\/p>\t\t\t\t\t\t\t\t<\/div>\n\t\t\t\t<\/div>\n\t\t\t\t\t<\/div>\n\t\t\t\t<\/div>\n\t\t<div class=\"has_eae_slider elementor-element elementor-element-dbe910d e-flex e-con-boxed e-con e-parent\" data-id=\"dbe910d\" data-element_type=\"container\">\n\t\t\t\t\t<div class=\"e-con-inner\">\n\t\t\t\t<div class=\"elementor-element elementor-element-f3bc8ac exad-sticky-section-no exad-glass-effect-no elementor-widget elementor-widget-image\" data-id=\"f3bc8ac\" data-element_type=\"widget\" data-widget_type=\"image.default\">\n\t\t\t\t<div class=\"elementor-widget-container\">\n\t\t\t\t\t\t\t\t\t\t\t\t\t\t\t<img fetchpriority=\"high\" decoding=\"async\" width=\"900\" height=\"438\" src=\"https:\/\/mgagarquitectos.com\/website\/wp-content\/uploads\/2025\/01\/CF-M-001-1024x498.jpg\" class=\"attachment-large size-large wp-image-9041\" alt=\"\" srcset=\"https:\/\/mgagarquitectos.com\/website\/wp-content\/uploads\/2025\/01\/CF-M-001-1024x498.jpg 1024w, https:\/\/mgagarquitectos.com\/website\/wp-content\/uploads\/2025\/01\/CF-M-001-300x146.jpg 300w, https:\/\/mgagarquitectos.com\/website\/wp-content\/uploads\/2025\/01\/CF-M-001-768x374.jpg 768w, https:\/\/mgagarquitectos.com\/website\/wp-content\/uploads\/2025\/01\/CF-M-001-1536x747.jpg 1536w, https:\/\/mgagarquitectos.com\/website\/wp-content\/uploads\/2025\/01\/CF-M-001.jpg 1624w\" sizes=\"(max-width: 900px) 100vw, 900px\" \/>\t\t\t\t\t\t\t\t\t\t\t\t\t\t\t<\/div>\n\t\t\t\t<\/div>\n\t\t\t\t\t<\/div>\n\t\t\t\t<\/div>\n\t\t<div class=\"has_eae_slider elementor-element elementor-element-dfacde0 e-flex e-con-boxed e-con e-parent\" data-id=\"dfacde0\" data-element_type=\"container\">\n\t\t\t\t\t<div class=\"e-con-inner\">\n\t\t\t\t<div class=\"elementor-element elementor-element-9f08bb3 exad-sticky-section-no exad-glass-effect-no elementor-widget elementor-widget-spacer\" data-id=\"9f08bb3\" data-element_type=\"widget\" data-widget_type=\"spacer.default\">\n\t\t\t\t<div class=\"elementor-widget-container\">\n\t\t\t\t\t\t\t<div class=\"elementor-spacer\">\n\t\t\t<div class=\"elementor-spacer-inner\"><\/div>\n\t\t<\/div>\n\t\t\t\t\t\t<\/div>\n\t\t\t\t<\/div>\n\t\t\t\t\t<\/div>\n\t\t\t\t<\/div>\n\t\t\t\t<\/div>\n\t\t","protected":false},"excerpt":{"rendered":"<p>En Ibiza, la arquitectura de los clubs ha contribuido a construir marcas reconocidas a nivel mundial. Fachadas, accesos y espacios interiores se convierten en s\u00edmbolos que trascienden la funci\u00f3n del edificio.Los arquitectos Ibiza trabajan cada vez m\u00e1s con conceptos espaciales claros, geometr\u00edas potentes y experiencias secuenciales que refuerzan la identidad del club. La Ibiza arquitectura [&hellip;]<\/p>\n","protected":false},"author":11,"featured_media":0,"comment_status":"open","ping_status":"open","sticky":false,"template":"","format":"standard","meta":{"inline_featured_image":false,"footnotes":""},"categories":[82],"tags":[],"class_list":["post-12944","post","type-post","status-publish","format-standard","hentry","category-clubs"],"_links":{"self":[{"href":"https:\/\/mgagarquitectos.com\/website\/wp-json\/wp\/v2\/posts\/12944","targetHints":{"allow":["GET"]}}],"collection":[{"href":"https:\/\/mgagarquitectos.com\/website\/wp-json\/wp\/v2\/posts"}],"about":[{"href":"https:\/\/mgagarquitectos.com\/website\/wp-json\/wp\/v2\/types\/post"}],"author":[{"embeddable":true,"href":"https:\/\/mgagarquitectos.com\/website\/wp-json\/wp\/v2\/users\/11"}],"replies":[{"embeddable":true,"href":"https:\/\/mgagarquitectos.com\/website\/wp-json\/wp\/v2\/comments?post=12944"}],"version-history":[{"count":7,"href":"https:\/\/mgagarquitectos.com\/website\/wp-json\/wp\/v2\/posts\/12944\/revisions"}],"predecessor-version":[{"id":12951,"href":"https:\/\/mgagarquitectos.com\/website\/wp-json\/wp\/v2\/posts\/12944\/revisions\/12951"}],"wp:attachment":[{"href":"https:\/\/mgagarquitectos.com\/website\/wp-json\/wp\/v2\/media?parent=12944"}],"wp:term":[{"taxonomy":"category","embeddable":true,"href":"https:\/\/mgagarquitectos.com\/website\/wp-json\/wp\/v2\/categories?post=12944"},{"taxonomy":"post_tag","embeddable":true,"href":"https:\/\/mgagarquitectos.com\/website\/wp-json\/wp\/v2\/tags?post=12944"}],"curies":[{"name":"wp","href":"https:\/\/api.w.org\/{rel}","templated":true}]}}