{"id":13031,"date":"2026-02-16T11:05:11","date_gmt":"2026-02-16T10:05:11","guid":{"rendered":"https:\/\/mgagarquitectos.com\/website\/?p=13031"},"modified":"2026-02-24T09:33:25","modified_gmt":"2026-02-24T08:33:25","slug":"arquitectura-bioclimatica-en-ibiza-estrategias-pasivas-adaptadas-al-clima-mediterraneo","status":"publish","type":"post","link":"https:\/\/mgagarquitectos.com\/website\/arquitectura-bioclimatica-en-ibiza-estrategias-pasivas-adaptadas-al-clima-mediterraneo\/","title":{"rendered":"Arquitectura bioclim\u00e1tica en Ibiza: estrategias pasivas adaptadas al clima mediterr\u00e1neo"},"content":{"rendered":"\t\t<div data-elementor-type=\"wp-post\" data-elementor-id=\"13031\" class=\"elementor elementor-13031\">\n\t\t\t\t<div class=\"has_eae_slider elementor-element elementor-element-1675423f e-flex e-con-boxed e-con e-parent\" data-id=\"1675423f\" data-element_type=\"container\">\n\t\t\t\t\t<div class=\"e-con-inner\">\n\t\t\t\t<div class=\"elementor-element elementor-element-63f90416 exad-sticky-section-no exad-glass-effect-no elementor-widget elementor-widget-text-editor\" data-id=\"63f90416\" data-element_type=\"widget\" data-widget_type=\"text-editor.default\">\n\t\t\t\t<div class=\"elementor-widget-container\">\n\t\t\t\t\t\t\t\t\t<p data-start=\"2120\" data-end=\"2444\">La arquitectura en Ibiza ha estado hist\u00f3ricamente condicionada por el clima. La intensidad solar, la brisa marina y la estacionalidad han definido durante siglos la manera de construir en la isla. Hoy, estas mismas variables se reinterpretan desde una perspectiva contempor\u00e1nea bajo el concepto de arquitectura bioclim\u00e1tica.<\/p><p data-start=\"2446\" data-end=\"2740\">Los arquitectos en Ibiza trabajan cada vez m\u00e1s con estrategias pasivas que permiten reducir la dependencia de sistemas mec\u00e1nicos. La correcta orientaci\u00f3n de la vivienda, la ventilaci\u00f3n cruzada, los patios interiores y la protecci\u00f3n solar mediante porches o celos\u00edas son elementos fundamentales.<\/p><p data-start=\"2742\" data-end=\"3088\">En la arquitectura contempor\u00e1nea ibicenca, estas soluciones no se entienden como recursos est\u00e9ticos, sino como decisiones t\u00e9cnicas que mejoran el confort t\u00e9rmico y reducen el consumo energ\u00e9tico. La combinaci\u00f3n entre tradici\u00f3n constructiva y tecnolog\u00eda actual permite desarrollar proyectos m\u00e1s eficientes sin renunciar a la identidad mediterr\u00e1nea.<\/p><p data-start=\"3090\" data-end=\"3308\">Para un estudio de arquitectura en Ibiza, dominar estos principios supone una ventaja competitiva clara en un contexto donde la sostenibilidad es cada vez m\u00e1s exigente tanto por normativa como por conciencia ambiental.<\/p>\t\t\t\t\t\t\t\t<\/div>\n\t\t\t\t<\/div>\n\t\t\t\t\t<\/div>\n\t\t\t\t<\/div>\n\t\t<div class=\"has_eae_slider elementor-element elementor-element-dbe910d e-flex e-con-boxed e-con e-parent\" data-id=\"dbe910d\" data-element_type=\"container\">\n\t\t\t\t\t<div class=\"e-con-inner\">\n\t\t\t\t<div class=\"elementor-element elementor-element-f3bc8ac exad-sticky-section-no exad-glass-effect-no elementor-widget elementor-widget-image\" data-id=\"f3bc8ac\" data-element_type=\"widget\" data-widget_type=\"image.default\">\n\t\t\t\t<div class=\"elementor-widget-container\">\n\t\t\t\t\t\t\t\t\t\t\t\t\t\t\t<img fetchpriority=\"high\" decoding=\"async\" width=\"768\" height=\"1024\" src=\"https:\/\/mgagarquitectos.com\/website\/wp-content\/uploads\/2025\/11\/IMG-20251118-WA0071-768x1024.jpg\" class=\"attachment-large size-large wp-image-12809\" alt=\"\" srcset=\"https:\/\/mgagarquitectos.com\/website\/wp-content\/uploads\/2025\/11\/IMG-20251118-WA0071-768x1024.jpg 768w, https:\/\/mgagarquitectos.com\/website\/wp-content\/uploads\/2025\/11\/IMG-20251118-WA0071-225x300.jpg 225w, https:\/\/mgagarquitectos.com\/website\/wp-content\/uploads\/2025\/11\/IMG-20251118-WA0071-1152x1536.jpg 1152w, https:\/\/mgagarquitectos.com\/website\/wp-content\/uploads\/2025\/11\/IMG-20251118-WA0071.jpg 1200w\" sizes=\"(max-width: 768px) 100vw, 768px\" \/>\t\t\t\t\t\t\t\t\t\t\t\t\t\t\t<\/div>\n\t\t\t\t<\/div>\n\t\t\t\t\t<\/div>\n\t\t\t\t<\/div>\n\t\t<div class=\"has_eae_slider elementor-element elementor-element-dfacde0 e-flex e-con-boxed e-con e-parent\" data-id=\"dfacde0\" data-element_type=\"container\">\n\t\t\t\t\t<div class=\"e-con-inner\">\n\t\t\t\t<div class=\"elementor-element elementor-element-9f08bb3 exad-sticky-section-no exad-glass-effect-no elementor-widget elementor-widget-spacer\" data-id=\"9f08bb3\" data-element_type=\"widget\" data-widget_type=\"spacer.default\">\n\t\t\t\t<div class=\"elementor-widget-container\">\n\t\t\t\t\t\t\t<div class=\"elementor-spacer\">\n\t\t\t<div class=\"elementor-spacer-inner\"><\/div>\n\t\t<\/div>\n\t\t\t\t\t\t<\/div>\n\t\t\t\t<\/div>\n\t\t\t\t\t<\/div>\n\t\t\t\t<\/div>\n\t\t\t\t<\/div>\n\t\t","protected":false},"excerpt":{"rendered":"<p>La arquitectura en Ibiza ha estado hist\u00f3ricamente condicionada por el clima. La intensidad solar, la brisa marina y la estacionalidad han definido durante siglos la manera de construir en la isla. Hoy, estas mismas variables se reinterpretan desde una perspectiva contempor\u00e1nea bajo el concepto de arquitectura bioclim\u00e1tica.Los arquitectos en Ibiza trabajan cada vez m\u00e1s con [&hellip;]<\/p>\n","protected":false},"author":11,"featured_media":0,"comment_status":"open","ping_status":"open","sticky":false,"template":"","format":"standard","meta":{"inline_featured_image":false,"footnotes":""},"categories":[84],"tags":[],"class_list":["post-13031","post","type-post","status-publish","format-standard","hentry","category-clima-y-paisaje"],"_links":{"self":[{"href":"https:\/\/mgagarquitectos.com\/website\/wp-json\/wp\/v2\/posts\/13031","targetHints":{"allow":["GET"]}}],"collection":[{"href":"https:\/\/mgagarquitectos.com\/website\/wp-json\/wp\/v2\/posts"}],"about":[{"href":"https:\/\/mgagarquitectos.com\/website\/wp-json\/wp\/v2\/types\/post"}],"author":[{"embeddable":true,"href":"https:\/\/mgagarquitectos.com\/website\/wp-json\/wp\/v2\/users\/11"}],"replies":[{"embeddable":true,"href":"https:\/\/mgagarquitectos.com\/website\/wp-json\/wp\/v2\/comments?post=13031"}],"version-history":[{"count":7,"href":"https:\/\/mgagarquitectos.com\/website\/wp-json\/wp\/v2\/posts\/13031\/revisions"}],"predecessor-version":[{"id":13038,"href":"https:\/\/mgagarquitectos.com\/website\/wp-json\/wp\/v2\/posts\/13031\/revisions\/13038"}],"wp:attachment":[{"href":"https:\/\/mgagarquitectos.com\/website\/wp-json\/wp\/v2\/media?parent=13031"}],"wp:term":[{"taxonomy":"category","embeddable":true,"href":"https:\/\/mgagarquitectos.com\/website\/wp-json\/wp\/v2\/categories?post=13031"},{"taxonomy":"post_tag","embeddable":true,"href":"https:\/\/mgagarquitectos.com\/website\/wp-json\/wp\/v2\/tags?post=13031"}],"curies":[{"name":"wp","href":"https:\/\/api.w.org\/{rel}","templated":true}]}}