{"id":13039,"date":"2026-02-20T10:11:08","date_gmt":"2026-02-20T09:11:08","guid":{"rendered":"https:\/\/mgagarquitectos.com\/website\/?p=13039"},"modified":"2026-02-20T10:15:45","modified_gmt":"2026-02-20T09:15:45","slug":"como-disenar-viviendas-en-ibiza-adaptadas-al-clima-y-al-paisaje","status":"publish","type":"post","link":"https:\/\/mgagarquitectos.com\/website\/como-disenar-viviendas-en-ibiza-adaptadas-al-clima-y-al-paisaje\/","title":{"rendered":"C\u00f3mo dise\u00f1ar viviendas en Ibiza adaptadas al clima y al paisaje"},"content":{"rendered":"\t\t<div data-elementor-type=\"wp-post\" data-elementor-id=\"13039\" class=\"elementor elementor-13039\">\n\t\t\t\t<div class=\"has_eae_slider elementor-element elementor-element-1675423f e-flex e-con-boxed e-con e-parent\" data-id=\"1675423f\" data-element_type=\"container\">\n\t\t\t\t\t<div class=\"e-con-inner\">\n\t\t\t\t<div class=\"elementor-element elementor-element-63f90416 exad-sticky-section-no exad-glass-effect-no elementor-widget elementor-widget-text-editor\" data-id=\"63f90416\" data-element_type=\"widget\" data-widget_type=\"text-editor.default\">\n\t\t\t\t<div class=\"elementor-widget-container\">\n\t\t\t\t\t\t\t\t\t<p data-start=\"3388\" data-end=\"3606\">Dise\u00f1ar una vivienda en Ibiza implica comprender profundamente el entorno. La topograf\u00eda irregular, la orientaci\u00f3n hacia el mar y la exposici\u00f3n solar son factores determinantes que influyen en cada decisi\u00f3n proyectual.<\/p><p data-start=\"3608\" data-end=\"3876\">Los arquitectos Ibiza que trabajan en el \u00e1mbito residencial integran el paisaje como parte activa del proyecto. Las viviendas no se conciben como objetos aislados, sino como vol\u00famenes que dialogan con el terreno, minimizando el impacto visual y optimizando las vistas.<\/p><p data-start=\"3878\" data-end=\"4188\">La arquitectura en Ibiza contempor\u00e1nea apuesta por transiciones fluidas entre interior y exterior, grandes aperturas protegidas y materiales naturales que envejecen en armon\u00eda con el entorno. El uso de piedra local, morteros de cal y madera permite reforzar el v\u00ednculo con la tradici\u00f3n constructiva de la isla.<\/p><p data-start=\"4190\" data-end=\"4382\">Adem\u00e1s, la planificaci\u00f3n espacial busca adaptarse tanto al uso intensivo en temporada alta como a una ocupaci\u00f3n m\u00e1s tranquila durante el resto del a\u00f1o, un aspecto clave en la realidad insular.<\/p>\t\t\t\t\t\t\t\t<\/div>\n\t\t\t\t<\/div>\n\t\t\t\t\t<\/div>\n\t\t\t\t<\/div>\n\t\t<div class=\"has_eae_slider elementor-element elementor-element-dbe910d e-flex e-con-boxed e-con e-parent\" data-id=\"dbe910d\" data-element_type=\"container\">\n\t\t\t\t\t<div class=\"e-con-inner\">\n\t\t\t\t<div class=\"elementor-element elementor-element-f3bc8ac exad-sticky-section-no exad-glass-effect-no elementor-widget elementor-widget-image\" data-id=\"f3bc8ac\" data-element_type=\"widget\" data-widget_type=\"image.default\">\n\t\t\t\t<div class=\"elementor-widget-container\">\n\t\t\t\t\t\t\t\t\t\t\t\t\t\t\t<img fetchpriority=\"high\" decoding=\"async\" width=\"900\" height=\"675\" src=\"https:\/\/mgagarquitectos.com\/website\/wp-content\/uploads\/2025\/11\/IMG-20251118-WA0063-1024x768.jpg\" class=\"attachment-large size-large wp-image-12801\" alt=\"\" srcset=\"https:\/\/mgagarquitectos.com\/website\/wp-content\/uploads\/2025\/11\/IMG-20251118-WA0063-1024x768.jpg 1024w, https:\/\/mgagarquitectos.com\/website\/wp-content\/uploads\/2025\/11\/IMG-20251118-WA0063-300x225.jpg 300w, https:\/\/mgagarquitectos.com\/website\/wp-content\/uploads\/2025\/11\/IMG-20251118-WA0063-768x576.jpg 768w, https:\/\/mgagarquitectos.com\/website\/wp-content\/uploads\/2025\/11\/IMG-20251118-WA0063-1536x1152.jpg 1536w, https:\/\/mgagarquitectos.com\/website\/wp-content\/uploads\/2025\/11\/IMG-20251118-WA0063.jpg 1600w\" sizes=\"(max-width: 900px) 100vw, 900px\" \/>\t\t\t\t\t\t\t\t\t\t\t\t\t\t\t<\/div>\n\t\t\t\t<\/div>\n\t\t\t\t\t<\/div>\n\t\t\t\t<\/div>\n\t\t<div class=\"has_eae_slider elementor-element elementor-element-dfacde0 e-flex e-con-boxed e-con e-parent\" data-id=\"dfacde0\" data-element_type=\"container\">\n\t\t\t\t\t<div class=\"e-con-inner\">\n\t\t\t\t<div class=\"elementor-element elementor-element-9f08bb3 exad-sticky-section-no exad-glass-effect-no elementor-widget elementor-widget-spacer\" data-id=\"9f08bb3\" data-element_type=\"widget\" data-widget_type=\"spacer.default\">\n\t\t\t\t<div class=\"elementor-widget-container\">\n\t\t\t\t\t\t\t<div class=\"elementor-spacer\">\n\t\t\t<div class=\"elementor-spacer-inner\"><\/div>\n\t\t<\/div>\n\t\t\t\t\t\t<\/div>\n\t\t\t\t<\/div>\n\t\t\t\t\t<\/div>\n\t\t\t\t<\/div>\n\t\t\t\t<\/div>\n\t\t","protected":false},"excerpt":{"rendered":"<p>Dise\u00f1ar una vivienda en Ibiza implica comprender profundamente el entorno. La topograf\u00eda irregular, la orientaci\u00f3n hacia el mar y la exposici\u00f3n solar son factores determinantes que influyen en cada decisi\u00f3n proyectual. Los arquitectos Ibiza que trabajan en el \u00e1mbito residencial integran el paisaje como parte activa del proyecto. Las viviendas no se conciben como objetos [&hellip;]<\/p>\n","protected":false},"author":11,"featured_media":0,"comment_status":"open","ping_status":"open","sticky":false,"template":"","format":"standard","meta":{"inline_featured_image":false,"footnotes":""},"categories":[84],"tags":[],"class_list":["post-13039","post","type-post","status-publish","format-standard","hentry","category-clima-y-paisaje"],"_links":{"self":[{"href":"https:\/\/mgagarquitectos.com\/website\/wp-json\/wp\/v2\/posts\/13039","targetHints":{"allow":["GET"]}}],"collection":[{"href":"https:\/\/mgagarquitectos.com\/website\/wp-json\/wp\/v2\/posts"}],"about":[{"href":"https:\/\/mgagarquitectos.com\/website\/wp-json\/wp\/v2\/types\/post"}],"author":[{"embeddable":true,"href":"https:\/\/mgagarquitectos.com\/website\/wp-json\/wp\/v2\/users\/11"}],"replies":[{"embeddable":true,"href":"https:\/\/mgagarquitectos.com\/website\/wp-json\/wp\/v2\/comments?post=13039"}],"version-history":[{"count":8,"href":"https:\/\/mgagarquitectos.com\/website\/wp-json\/wp\/v2\/posts\/13039\/revisions"}],"predecessor-version":[{"id":13049,"href":"https:\/\/mgagarquitectos.com\/website\/wp-json\/wp\/v2\/posts\/13039\/revisions\/13049"}],"wp:attachment":[{"href":"https:\/\/mgagarquitectos.com\/website\/wp-json\/wp\/v2\/media?parent=13039"}],"wp:term":[{"taxonomy":"category","embeddable":true,"href":"https:\/\/mgagarquitectos.com\/website\/wp-json\/wp\/v2\/categories?post=13039"},{"taxonomy":"post_tag","embeddable":true,"href":"https:\/\/mgagarquitectos.com\/website\/wp-json\/wp\/v2\/tags?post=13039"}],"curies":[{"name":"wp","href":"https:\/\/api.w.org\/{rel}","templated":true}]}}