{"id":13040,"date":"2026-02-24T08:54:21","date_gmt":"2026-02-24T07:54:21","guid":{"rendered":"https:\/\/mgagarquitectos.com\/website\/?p=13040"},"modified":"2026-02-24T09:33:09","modified_gmt":"2026-02-24T08:33:09","slug":"materiales-tradicionales-en-la-arquitectura-ibicenca-contemporanea","status":"publish","type":"post","link":"https:\/\/mgagarquitectos.com\/website\/materiales-tradicionales-en-la-arquitectura-ibicenca-contemporanea\/","title":{"rendered":"Materiales tradicionales en la arquitectura ibicenca contempor\u00e1nea"},"content":{"rendered":"\t\t<div data-elementor-type=\"wp-post\" data-elementor-id=\"13040\" class=\"elementor elementor-13040\">\n\t\t\t\t<div class=\"has_eae_slider elementor-element elementor-element-1675423f e-flex e-con-boxed e-con e-parent\" data-id=\"1675423f\" data-element_type=\"container\">\n\t\t\t\t\t<div class=\"e-con-inner\">\n\t\t\t\t<div class=\"elementor-element elementor-element-63f90416 exad-sticky-section-no exad-glass-effect-no elementor-widget elementor-widget-text-editor\" data-id=\"63f90416\" data-element_type=\"widget\" data-widget_type=\"text-editor.default\">\n\t\t\t\t<div class=\"elementor-widget-container\">\n\t\t\t\t\t\t\t\t\t<p data-start=\"275\" data-end=\"687\">La arquitectura en <span class=\"hover:entity-accent entity-underline inline cursor-pointer align-baseline\"><span class=\"whitespace-normal\">Ibiza<\/span><\/span> ha estado hist\u00f3ricamente ligada al uso de materiales locales, una caracter\u00edstica que hoy contin\u00faa siendo clave en la arquitectura contempor\u00e1nea de la isla. La piedra natural, los morteros de cal, la madera y los acabados blancos tradicionales siguen formando parte del lenguaje arquitect\u00f3nico actual, reinterpretados desde una visi\u00f3n t\u00e9cnica y sostenible.<\/p><p data-start=\"689\" data-end=\"1085\">Durante siglos, la disponibilidad de recursos condicion\u00f3 las t\u00e9cnicas constructivas. La piedra extra\u00edda del propio terreno se utilizaba para levantar muros de gran inercia t\u00e9rmica, mientras que la cal permit\u00eda acabados transpirables que proteg\u00edan las viviendas frente a la humedad y el calor. Este conocimiento tradicional sigue siendo especialmente relevante en proyectos residenciales actuales.<\/p><p data-start=\"1087\" data-end=\"1425\">En zonas hist\u00f3ricas como <span class=\"hover:entity-accent entity-underline inline cursor-pointer align-baseline\"><span class=\"whitespace-normal\">Dalt Vila<\/span><\/span>, todav\u00eda pueden observarse soluciones constructivas que hoy inspiran a muchos estudios de arquitectura. La reinterpretaci\u00f3n contempor\u00e1nea de estos materiales no responde \u00fanicamente a una cuesti\u00f3n est\u00e9tica, sino tambi\u00e9n al rendimiento t\u00e9rmico y al mantenimiento a largo plazo.<\/p><p data-start=\"1427\" data-end=\"1651\">Los arquitectos en Ibiza incorporan cada vez m\u00e1s estos recursos dentro de proyectos de arquitectura moderna, combin\u00e1ndolos con soluciones tecnol\u00f3gicas actuales como aislamientos avanzados o sistemas de eficiencia energ\u00e9tica.<\/p><p data-start=\"1653\" data-end=\"1936\">Para <strong data-start=\"1658\" data-end=\"1678\">Mgag Arquitectos<\/strong>, el uso de materiales tradicionales forma parte de una estrategia de integraci\u00f3n paisaj\u00edstica y sostenibilidad. La combinaci\u00f3n entre tradici\u00f3n y contemporaneidad permite desarrollar viviendas con identidad local sin renunciar a la innovaci\u00f3n arquitect\u00f3nica.<\/p>\t\t\t\t\t\t\t\t<\/div>\n\t\t\t\t<\/div>\n\t\t\t\t\t<\/div>\n\t\t\t\t<\/div>\n\t\t<div class=\"has_eae_slider elementor-element elementor-element-dbe910d e-flex e-con-boxed e-con e-parent\" data-id=\"dbe910d\" data-element_type=\"container\">\n\t\t\t\t\t<div class=\"e-con-inner\">\n\t\t\t\t<div class=\"elementor-element elementor-element-f3bc8ac exad-sticky-section-no exad-glass-effect-no elementor-widget elementor-widget-image\" data-id=\"f3bc8ac\" data-element_type=\"widget\" data-widget_type=\"image.default\">\n\t\t\t\t<div class=\"elementor-widget-container\">\n\t\t\t\t\t\t\t\t\t\t\t\t\t\t\t<img fetchpriority=\"high\" decoding=\"async\" width=\"900\" height=\"506\" src=\"https:\/\/mgagarquitectos.com\/website\/wp-content\/uploads\/2025\/01\/6-DOMINO-1024x576.jpg\" class=\"attachment-large size-large wp-image-9425\" alt=\"\" srcset=\"https:\/\/mgagarquitectos.com\/website\/wp-content\/uploads\/2025\/01\/6-DOMINO-1024x576.jpg 1024w, https:\/\/mgagarquitectos.com\/website\/wp-content\/uploads\/2025\/01\/6-DOMINO-300x169.jpg 300w, https:\/\/mgagarquitectos.com\/website\/wp-content\/uploads\/2025\/01\/6-DOMINO-768x432.jpg 768w, https:\/\/mgagarquitectos.com\/website\/wp-content\/uploads\/2025\/01\/6-DOMINO-1536x864.jpg 1536w, https:\/\/mgagarquitectos.com\/website\/wp-content\/uploads\/2025\/01\/6-DOMINO.jpg 1920w\" sizes=\"(max-width: 900px) 100vw, 900px\" \/>\t\t\t\t\t\t\t\t\t\t\t\t\t\t\t<\/div>\n\t\t\t\t<\/div>\n\t\t\t\t\t<\/div>\n\t\t\t\t<\/div>\n\t\t<div class=\"has_eae_slider elementor-element elementor-element-dfacde0 e-flex e-con-boxed e-con e-parent\" data-id=\"dfacde0\" data-element_type=\"container\">\n\t\t\t\t\t<div class=\"e-con-inner\">\n\t\t\t\t<div class=\"elementor-element elementor-element-9f08bb3 exad-sticky-section-no exad-glass-effect-no elementor-widget elementor-widget-spacer\" data-id=\"9f08bb3\" data-element_type=\"widget\" data-widget_type=\"spacer.default\">\n\t\t\t\t<div class=\"elementor-widget-container\">\n\t\t\t\t\t\t\t<div class=\"elementor-spacer\">\n\t\t\t<div class=\"elementor-spacer-inner\"><\/div>\n\t\t<\/div>\n\t\t\t\t\t\t<\/div>\n\t\t\t\t<\/div>\n\t\t\t\t\t<\/div>\n\t\t\t\t<\/div>\n\t\t\t\t<\/div>\n\t\t","protected":false},"excerpt":{"rendered":"<p>La arquitectura en Ibiza ha estado hist\u00f3ricamente ligada al uso de materiales locales, una caracter\u00edstica que hoy contin\u00faa siendo clave en la arquitectura contempor\u00e1nea de la isla. La piedra natural, los morteros de cal, la madera y los acabados blancos tradicionales siguen formando parte del lenguaje arquitect\u00f3nico actual, reinterpretados desde una visi\u00f3n t\u00e9cnica y sostenible.Durante [&hellip;]<\/p>\n","protected":false},"author":11,"featured_media":0,"comment_status":"open","ping_status":"open","sticky":false,"template":"","format":"standard","meta":{"inline_featured_image":false,"footnotes":""},"categories":[84],"tags":[],"class_list":["post-13040","post","type-post","status-publish","format-standard","hentry","category-clima-y-paisaje"],"_links":{"self":[{"href":"https:\/\/mgagarquitectos.com\/website\/wp-json\/wp\/v2\/posts\/13040","targetHints":{"allow":["GET"]}}],"collection":[{"href":"https:\/\/mgagarquitectos.com\/website\/wp-json\/wp\/v2\/posts"}],"about":[{"href":"https:\/\/mgagarquitectos.com\/website\/wp-json\/wp\/v2\/types\/post"}],"author":[{"embeddable":true,"href":"https:\/\/mgagarquitectos.com\/website\/wp-json\/wp\/v2\/users\/11"}],"replies":[{"embeddable":true,"href":"https:\/\/mgagarquitectos.com\/website\/wp-json\/wp\/v2\/comments?post=13040"}],"version-history":[{"count":9,"href":"https:\/\/mgagarquitectos.com\/website\/wp-json\/wp\/v2\/posts\/13040\/revisions"}],"predecessor-version":[{"id":13059,"href":"https:\/\/mgagarquitectos.com\/website\/wp-json\/wp\/v2\/posts\/13040\/revisions\/13059"}],"wp:attachment":[{"href":"https:\/\/mgagarquitectos.com\/website\/wp-json\/wp\/v2\/media?parent=13040"}],"wp:term":[{"taxonomy":"category","embeddable":true,"href":"https:\/\/mgagarquitectos.com\/website\/wp-json\/wp\/v2\/categories?post=13040"},{"taxonomy":"post_tag","embeddable":true,"href":"https:\/\/mgagarquitectos.com\/website\/wp-json\/wp\/v2\/tags?post=13040"}],"curies":[{"name":"wp","href":"https:\/\/api.w.org\/{rel}","templated":true}]}}