{"id":13060,"date":"2026-02-26T10:04:01","date_gmt":"2026-02-26T09:04:01","guid":{"rendered":"https:\/\/mgagarquitectos.com\/website\/?p=13060"},"modified":"2026-02-26T11:31:52","modified_gmt":"2026-02-26T10:31:52","slug":"orientacion-y-ventilacion-cruzada-en-proyectos-residenciales-en-ibiza","status":"publish","type":"post","link":"https:\/\/mgagarquitectos.com\/website\/orientacion-y-ventilacion-cruzada-en-proyectos-residenciales-en-ibiza\/","title":{"rendered":"Orientaci\u00f3n y ventilaci\u00f3n cruzada en proyectos residenciales en Ibiza"},"content":{"rendered":"\t\t<div data-elementor-type=\"wp-post\" data-elementor-id=\"13060\" class=\"elementor elementor-13060\">\n\t\t\t\t<div class=\"has_eae_slider elementor-element elementor-element-1675423f e-flex e-con-boxed e-con e-parent\" data-id=\"1675423f\" data-element_type=\"container\">\n\t\t\t\t\t<div class=\"e-con-inner\">\n\t\t\t\t<div class=\"elementor-element elementor-element-63f90416 exad-sticky-section-no exad-glass-effect-no elementor-widget elementor-widget-text-editor\" data-id=\"63f90416\" data-element_type=\"widget\" data-widget_type=\"text-editor.default\">\n\t\t\t\t<div class=\"elementor-widget-container\">\n\t\t\t\t\t\t\t\t\t<p data-start=\"2062\" data-end=\"2398\">Uno de los principios fundamentales en la arquitectura residencial en Ibiza es el control clim\u00e1tico pasivo a trav\u00e9s de la orientaci\u00f3n y la ventilaci\u00f3n natural. El clima mediterr\u00e1neo de la isla, caracterizado por veranos c\u00e1lidos y brisas constantes, permite optimizar el confort interior mediante decisiones arquitect\u00f3nicas estrat\u00e9gicas.<\/p><p data-start=\"2400\" data-end=\"2714\">La orientaci\u00f3n correcta de una vivienda influye directamente en la eficiencia energ\u00e9tica. Los arquitectos Ibiza suelen priorizar aperturas hacia el sur o sureste para aprovechar la luz natural durante el invierno, mientras que en verano se integran elementos de protecci\u00f3n solar como porches, p\u00e9rgolas o voladizos.<\/p><p data-start=\"2716\" data-end=\"3007\">La ventilaci\u00f3n cruzada es otro recurso clave. Consiste en generar corrientes naturales de aire mediante la disposici\u00f3n estrat\u00e9gica de huecos en fachadas opuestas. Este sistema permite reducir la necesidad de climatizaci\u00f3n artificial y mejora significativamente la calidad ambiental interior.<\/p><p data-start=\"3009\" data-end=\"3207\">En la arquitectura contempor\u00e1nea en Ibiza, estos principios se combinan con dise\u00f1os abiertos que conectan interior y exterior, reforzando la relaci\u00f3n con el paisaje y el estilo de vida mediterr\u00e1neo.<\/p><p data-start=\"3209\" data-end=\"3496\">Para un estudio de arquitectura en Ibiza como <strong data-start=\"3255\" data-end=\"3275\">Mgag Arquitectos<\/strong>, dominar estas estrategias no solo mejora el rendimiento energ\u00e9tico de los proyectos, sino que tambi\u00e9n aporta valor a\u00f1adido en un mercado residencial cada vez m\u00e1s orientado hacia la sostenibilidad y el confort clim\u00e1tico.<\/p>\t\t\t\t\t\t\t\t<\/div>\n\t\t\t\t<\/div>\n\t\t\t\t\t<\/div>\n\t\t\t\t<\/div>\n\t\t<div class=\"has_eae_slider elementor-element elementor-element-dbe910d e-flex e-con-boxed e-con e-parent\" data-id=\"dbe910d\" data-element_type=\"container\">\n\t\t\t\t\t<div class=\"e-con-inner\">\n\t\t\t\t<div class=\"elementor-element elementor-element-f3bc8ac exad-sticky-section-no exad-glass-effect-no elementor-widget elementor-widget-image\" data-id=\"f3bc8ac\" data-element_type=\"widget\" data-widget_type=\"image.default\">\n\t\t\t\t<div class=\"elementor-widget-container\">\n\t\t\t\t\t\t\t\t\t\t\t\t\t\t\t<img fetchpriority=\"high\" decoding=\"async\" width=\"900\" height=\"675\" src=\"https:\/\/mgagarquitectos.com\/website\/wp-content\/uploads\/2025\/01\/005-1024x768.jpg\" class=\"attachment-large size-large wp-image-9691\" alt=\"\" srcset=\"https:\/\/mgagarquitectos.com\/website\/wp-content\/uploads\/2025\/01\/005-1024x768.jpg 1024w, https:\/\/mgagarquitectos.com\/website\/wp-content\/uploads\/2025\/01\/005-300x225.jpg 300w, https:\/\/mgagarquitectos.com\/website\/wp-content\/uploads\/2025\/01\/005-768x576.jpg 768w, https:\/\/mgagarquitectos.com\/website\/wp-content\/uploads\/2025\/01\/005.jpg 1038w\" sizes=\"(max-width: 900px) 100vw, 900px\" \/>\t\t\t\t\t\t\t\t\t\t\t\t\t\t\t<\/div>\n\t\t\t\t<\/div>\n\t\t\t\t\t<\/div>\n\t\t\t\t<\/div>\n\t\t<div class=\"has_eae_slider elementor-element elementor-element-dfacde0 e-flex e-con-boxed e-con e-parent\" data-id=\"dfacde0\" data-element_type=\"container\">\n\t\t\t\t\t<div class=\"e-con-inner\">\n\t\t\t\t<div class=\"elementor-element elementor-element-9f08bb3 exad-sticky-section-no exad-glass-effect-no elementor-widget elementor-widget-spacer\" data-id=\"9f08bb3\" data-element_type=\"widget\" data-widget_type=\"spacer.default\">\n\t\t\t\t<div class=\"elementor-widget-container\">\n\t\t\t\t\t\t\t<div class=\"elementor-spacer\">\n\t\t\t<div class=\"elementor-spacer-inner\"><\/div>\n\t\t<\/div>\n\t\t\t\t\t\t<\/div>\n\t\t\t\t<\/div>\n\t\t\t\t\t<\/div>\n\t\t\t\t<\/div>\n\t\t\t\t<\/div>\n\t\t","protected":false},"excerpt":{"rendered":"<p>Uno de los principios fundamentales en la arquitectura residencial en Ibiza es el control clim\u00e1tico pasivo a trav\u00e9s de la orientaci\u00f3n y la ventilaci\u00f3n natural. El clima mediterr\u00e1neo de la isla, caracterizado por veranos c\u00e1lidos y brisas constantes, permite optimizar el confort interior mediante decisiones arquitect\u00f3nicas estrat\u00e9gicas.La orientaci\u00f3n correcta de una vivienda influye directamente en [&hellip;]<\/p>\n","protected":false},"author":11,"featured_media":0,"comment_status":"open","ping_status":"open","sticky":false,"template":"","format":"standard","meta":{"inline_featured_image":false,"footnotes":""},"categories":[84],"tags":[],"class_list":["post-13060","post","type-post","status-publish","format-standard","hentry","category-clima-y-paisaje"],"_links":{"self":[{"href":"https:\/\/mgagarquitectos.com\/website\/wp-json\/wp\/v2\/posts\/13060","targetHints":{"allow":["GET"]}}],"collection":[{"href":"https:\/\/mgagarquitectos.com\/website\/wp-json\/wp\/v2\/posts"}],"about":[{"href":"https:\/\/mgagarquitectos.com\/website\/wp-json\/wp\/v2\/types\/post"}],"author":[{"embeddable":true,"href":"https:\/\/mgagarquitectos.com\/website\/wp-json\/wp\/v2\/users\/11"}],"replies":[{"embeddable":true,"href":"https:\/\/mgagarquitectos.com\/website\/wp-json\/wp\/v2\/comments?post=13060"}],"version-history":[{"count":7,"href":"https:\/\/mgagarquitectos.com\/website\/wp-json\/wp\/v2\/posts\/13060\/revisions"}],"predecessor-version":[{"id":13067,"href":"https:\/\/mgagarquitectos.com\/website\/wp-json\/wp\/v2\/posts\/13060\/revisions\/13067"}],"wp:attachment":[{"href":"https:\/\/mgagarquitectos.com\/website\/wp-json\/wp\/v2\/media?parent=13060"}],"wp:term":[{"taxonomy":"category","embeddable":true,"href":"https:\/\/mgagarquitectos.com\/website\/wp-json\/wp\/v2\/categories?post=13060"},{"taxonomy":"post_tag","embeddable":true,"href":"https:\/\/mgagarquitectos.com\/website\/wp-json\/wp\/v2\/tags?post=13060"}],"curies":[{"name":"wp","href":"https:\/\/api.w.org\/{rel}","templated":true}]}}