{"id":13079,"date":"2026-03-12T08:28:11","date_gmt":"2026-03-12T07:28:11","guid":{"rendered":"https:\/\/mgagarquitectos.com\/website\/?p=13079"},"modified":"2026-03-12T08:31:33","modified_gmt":"2026-03-12T07:31:33","slug":"arquitectura-bioclimatica-en-ibiza-como-disenar-viviendas-adaptadas-al-clima-mediterraneo","status":"publish","type":"post","link":"https:\/\/mgagarquitectos.com\/website\/arquitectura-bioclimatica-en-ibiza-como-disenar-viviendas-adaptadas-al-clima-mediterraneo\/","title":{"rendered":"Arquitectura bioclim\u00e1tica en Ibiza: c\u00f3mo dise\u00f1ar viviendas adaptadas al clima mediterr\u00e1neo"},"content":{"rendered":"\t\t<div data-elementor-type=\"wp-post\" data-elementor-id=\"13079\" class=\"elementor elementor-13079\">\n\t\t\t\t<div class=\"has_eae_slider elementor-element elementor-element-1675423f e-flex e-con-boxed e-con e-parent\" data-id=\"1675423f\" data-element_type=\"container\">\n\t\t\t\t\t<div class=\"e-con-inner\">\n\t\t\t\t<div class=\"elementor-element elementor-element-63f90416 exad-sticky-section-no exad-glass-effect-no elementor-widget elementor-widget-text-editor\" data-id=\"63f90416\" data-element_type=\"widget\" data-widget_type=\"text-editor.default\">\n\t\t\t\t<div class=\"elementor-widget-container\">\n\t\t\t\t\t\t\t\t\t<p data-start=\"784\" data-end=\"1087\">El clima mediterr\u00e1neo de Ibiza condiciona profundamente la forma de dise\u00f1ar los edificios. La intensidad del sol durante el verano, la presencia de brisas marinas y la topograf\u00eda irregular del territorio obligan a los arquitectos a desarrollar soluciones que mejoren el confort t\u00e9rmico de forma natural.<\/p><p data-start=\"1089\" data-end=\"1309\">La llamada arquitectura bioclim\u00e1tica no es un concepto nuevo en la isla. De hecho, muchas de sus estrategias proceden de la tradici\u00f3n constructiva local, como explicamos en nuestra gu\u00eda sobre<br data-start=\"1280\" data-end=\"1283\" \/><strong data-start=\"1283\" data-end=\"1308\">arquitectura en Ibiza<\/strong>.<\/p><p data-start=\"1311\" data-end=\"1458\">Hoy, los arquitectos en Ibiza reinterpretan estas soluciones mediante tecnolog\u00edas contempor\u00e1neas para crear viviendas m\u00e1s eficientes y sostenibles.<\/p>\t\t\t\t\t\t\t\t<\/div>\n\t\t\t\t<\/div>\n\t\t\t\t\t<\/div>\n\t\t\t\t<\/div>\n\t\t<div class=\"has_eae_slider elementor-element elementor-element-dbe910d e-flex e-con-boxed e-con e-parent\" data-id=\"dbe910d\" data-element_type=\"container\">\n\t\t\t\t\t<div class=\"e-con-inner\">\n\t\t\t\t<div class=\"elementor-element elementor-element-f3bc8ac exad-sticky-section-no exad-glass-effect-no elementor-widget elementor-widget-image\" data-id=\"f3bc8ac\" data-element_type=\"widget\" data-widget_type=\"image.default\">\n\t\t\t\t<div class=\"elementor-widget-container\">\n\t\t\t\t\t\t\t\t\t\t\t\t\t\t\t<img fetchpriority=\"high\" decoding=\"async\" width=\"900\" height=\"675\" src=\"https:\/\/mgagarquitectos.com\/website\/wp-content\/uploads\/2025\/11\/IMG-20251118-WA0067-1024x768.jpg\" class=\"attachment-large size-large wp-image-12805\" alt=\"\" srcset=\"https:\/\/mgagarquitectos.com\/website\/wp-content\/uploads\/2025\/11\/IMG-20251118-WA0067-1024x768.jpg 1024w, https:\/\/mgagarquitectos.com\/website\/wp-content\/uploads\/2025\/11\/IMG-20251118-WA0067-300x225.jpg 300w, https:\/\/mgagarquitectos.com\/website\/wp-content\/uploads\/2025\/11\/IMG-20251118-WA0067-768x576.jpg 768w, https:\/\/mgagarquitectos.com\/website\/wp-content\/uploads\/2025\/11\/IMG-20251118-WA0067-1536x1152.jpg 1536w, https:\/\/mgagarquitectos.com\/website\/wp-content\/uploads\/2025\/11\/IMG-20251118-WA0067.jpg 1600w\" sizes=\"(max-width: 900px) 100vw, 900px\" \/>\t\t\t\t\t\t\t\t\t\t\t\t\t\t\t<\/div>\n\t\t\t\t<\/div>\n\t\t\t\t\t<\/div>\n\t\t\t\t<\/div>\n\t\t<div class=\"has_eae_slider elementor-element elementor-element-dfacde0 e-flex e-con-boxed e-con e-parent\" data-id=\"dfacde0\" data-element_type=\"container\">\n\t\t\t\t\t<div class=\"e-con-inner\">\n\t\t\t\t<div class=\"elementor-element elementor-element-9f08bb3 exad-sticky-section-no exad-glass-effect-no elementor-widget elementor-widget-spacer\" data-id=\"9f08bb3\" data-element_type=\"widget\" data-widget_type=\"spacer.default\">\n\t\t\t\t<div class=\"elementor-widget-container\">\n\t\t\t\t\t\t\t<div class=\"elementor-spacer\">\n\t\t\t<div class=\"elementor-spacer-inner\"><\/div>\n\t\t<\/div>\n\t\t\t\t\t\t<\/div>\n\t\t\t\t<\/div>\n\t\t\t\t\t<\/div>\n\t\t\t\t<\/div>\n\t\t\t\t<\/div>\n\t\t","protected":false},"excerpt":{"rendered":"<p>El clima mediterr\u00e1neo de Ibiza condiciona profundamente la forma de dise\u00f1ar los edificios. La intensidad del sol durante el verano, la presencia de brisas marinas y la topograf\u00eda irregular del territorio obligan a los arquitectos a desarrollar soluciones que mejoren el confort t\u00e9rmico de forma natural.La llamada arquitectura bioclim\u00e1tica no es un concepto nuevo en [&hellip;]<\/p>\n","protected":false},"author":11,"featured_media":0,"comment_status":"open","ping_status":"open","sticky":false,"template":"","format":"standard","meta":{"inline_featured_image":false,"footnotes":""},"categories":[84],"tags":[],"class_list":["post-13079","post","type-post","status-publish","format-standard","hentry","category-clima-y-paisaje"],"_links":{"self":[{"href":"https:\/\/mgagarquitectos.com\/website\/wp-json\/wp\/v2\/posts\/13079","targetHints":{"allow":["GET"]}}],"collection":[{"href":"https:\/\/mgagarquitectos.com\/website\/wp-json\/wp\/v2\/posts"}],"about":[{"href":"https:\/\/mgagarquitectos.com\/website\/wp-json\/wp\/v2\/types\/post"}],"author":[{"embeddable":true,"href":"https:\/\/mgagarquitectos.com\/website\/wp-json\/wp\/v2\/users\/11"}],"replies":[{"embeddable":true,"href":"https:\/\/mgagarquitectos.com\/website\/wp-json\/wp\/v2\/comments?post=13079"}],"version-history":[{"count":7,"href":"https:\/\/mgagarquitectos.com\/website\/wp-json\/wp\/v2\/posts\/13079\/revisions"}],"predecessor-version":[{"id":13086,"href":"https:\/\/mgagarquitectos.com\/website\/wp-json\/wp\/v2\/posts\/13079\/revisions\/13086"}],"wp:attachment":[{"href":"https:\/\/mgagarquitectos.com\/website\/wp-json\/wp\/v2\/media?parent=13079"}],"wp:term":[{"taxonomy":"category","embeddable":true,"href":"https:\/\/mgagarquitectos.com\/website\/wp-json\/wp\/v2\/categories?post=13079"},{"taxonomy":"post_tag","embeddable":true,"href":"https:\/\/mgagarquitectos.com\/website\/wp-json\/wp\/v2\/tags?post=13079"}],"curies":[{"name":"wp","href":"https:\/\/api.w.org\/{rel}","templated":true}]}}